{"id":52,"count":1,"description":"Die Schweiz liegt im Herzen von Europa. Unsere Gesellschaft und Wirtschaft sind stark vernetzt. Ich erachte das als Bereicherung. Ein vertragsloser Zustand mit der EU ist f\u00fcr mich keine Option. Ich unterst\u00fctzte das ausgehandelte Rahmenabkommen und erwarte vom Bundesrat, dass er F\u00fchrungsst\u00e4rke beweist und aufzeigt, dass ein Rahmenabkommen keine notwendiges \u00dcbel ist, sondern die Grundlage f\u00fcr den Wohlstand der Schweiz legt.","link":"https:\/\/www.kathrinbertschy.ch\/?tag=eu","name":"EU","slug":"eu","taxonomy":"post_tag","meta":[],"_links":{"self":[{"href":"https:\/\/www.kathrinbertschy.ch\/index.php?rest_route=\/wp\/v2\/tags\/52"}],"collection":[{"href":"https:\/\/www.kathrinbertschy.ch\/index.php?rest_route=\/wp\/v2\/tags"}],"about":[{"href":"https:\/\/www.kathrinbertschy.ch\/index.php?rest_route=\/wp\/v2\/taxonomies\/post_tag"}],"wp:post_type":[{"href":"https:\/\/www.kathrinbertschy.ch\/index.php?rest_route=%2Fwp%2Fv2%2Fposts&tags=52"}],"curies":[{"name":"wp","href":"https:\/\/api.w.org\/{rel}","templated":true}]}}