{"id":846,"date":"2024-05-21T12:08:48","date_gmt":"2024-05-21T12:08:48","guid":{"rendered":"https:\/\/www.kathrinbertschy.ch\/?p=846"},"modified":"2024-05-23T12:10:04","modified_gmt":"2024-05-23T12:10:04","slug":"endlich-eine-rentenreform-fuer-die-frauen","status":"publish","type":"post","link":"https:\/\/www.kathrinbertschy.ch\/?p=846","title":{"rendered":"Endlich eine Rentenreform f\u00fcr die Frauen"},"content":{"rendered":"\n<figure class=\"wp-block-image size-large\"><a href=\"https:\/\/www.kathrinbertschy.ch\/wordpress\/wp-content\/uploads\/2024\/05\/alexander-dummer-UH-xs-FizTk-unsplash-scaled.jpg\"><img decoding=\"async\" loading=\"lazy\" width=\"1024\" height=\"683\" src=\"https:\/\/www.kathrinbertschy.ch\/wordpress\/wp-content\/uploads\/2024\/05\/alexander-dummer-UH-xs-FizTk-unsplash-1024x683.jpg\" alt=\"\" class=\"wp-image-848\" srcset=\"https:\/\/www.kathrinbertschy.ch\/wordpress\/wp-content\/uploads\/2024\/05\/alexander-dummer-UH-xs-FizTk-unsplash-1024x683.jpg 1024w, https:\/\/www.kathrinbertschy.ch\/wordpress\/wp-content\/uploads\/2024\/05\/alexander-dummer-UH-xs-FizTk-unsplash-300x200.jpg 300w, https:\/\/www.kathrinbertschy.ch\/wordpress\/wp-content\/uploads\/2024\/05\/alexander-dummer-UH-xs-FizTk-unsplash-768x513.jpg 768w, https:\/\/www.kathrinbertschy.ch\/wordpress\/wp-content\/uploads\/2024\/05\/alexander-dummer-UH-xs-FizTk-unsplash-1536x1025.jpg 1536w, https:\/\/www.kathrinbertschy.ch\/wordpress\/wp-content\/uploads\/2024\/05\/alexander-dummer-UH-xs-FizTk-unsplash-2048x1367.jpg 2048w\" sizes=\"(max-width: 1024px) 100vw, 1024px\" \/><\/a><figcaption class=\"wp-element-caption\">Bild:&nbsp;Alexander Dummer&nbsp;\/&nbsp;Unsplash<\/figcaption><\/figure>\n\n\n\n<div style=\"height:10px\" aria-hidden=\"true\" class=\"wp-block-spacer\"><\/div>\n\n\n\n<p>Liebe Rosmarie Zapfl<\/p>\n\n\n\n<p>Der Bundesrat hat letzte Woche die Volksabstimmung zur Reform der beruflichen Vorsorge (BVG) f\u00fcr September angesetzt. Ich musste an dich denken. Schon 1997 hast du als CVP-Nationalr\u00e4tin die parlamentarische Initiative \u00abTeilzeitbesch\u00e4ftigung. Koordinationsabzug\u00bb eingereicht. Dein Ziel: Teilzeitbesch\u00e4ftigten, und damit vielen Frauen im Land, endlich eine faire Pensionskasse zu erm\u00f6glichen.<\/p>\n\n\n\n<p>Schon vor 27 Jahren erkannte der Nationalrat den Handlungsbedarf. Du konntest bereits damals auf beachtliche \u00fcberparteiliche Unterst\u00fctzung z\u00e4hlen \u2013 insbesondere von weiteren Nationalr\u00e4tinnen. Dennoch: Vier Jahre sp\u00e4ter wurde dein Anliegen einfach abgeschrieben. Das gleiche Schicksal erlitten Vorst\u00f6sse von Christiane Brunner (SP), Margrit Camenzind (CVP) und Christa Markwalder (FDP). Es fehlte jahrzehntelang am politischen Willen, den gravierenden Konstruktionsfehler zu korrigieren, der Teilzeitbesch\u00e4ftigten und kleinen Einkommen oft eine gute Pension verunm\u00f6glicht: den fixen Koordinationsabzug in der zweiten S\u00e4ule.<\/p>\n\n\n\n<h4 class=\"wp-block-heading\">Fair und prozentual zum Lohn<\/h4>\n\n\n\n<p>Koordinationsabzug t\u00f6nt nach staubtrockener Materie. Und doch ist er so entscheidend. Bis heute wird beim BVG vom Einkommen ein fixer Abzug von gut 25\u2019000 Franken vorgenommen. Dieser Teil des Lohns ist nicht versichert und profitiert auch nicht von Beitr\u00e4gen der Arbeitgebenden oder Zinsen in der Pensionskasse.&nbsp;<\/p>\n\n\n\n<p>Wer ein bescheidenes Einkommen erwirtschaftet, Teilzeit arbeitet oder mehrere Besch\u00e4ftigungen aus\u00fcbt, den trifft das weit \u00fcberproportional. Diese Personen haben trotz Erwerbst\u00e4tigkeit eine sehr tiefe oder gar keine Pensionskasse, Frauen sind \u00fcberdurchschnittlich betroffen. Sie haben h\u00e4ufiger keine zweite S\u00e4ule.<\/p>\n\n\n\n<p>Der fixe Koordinationsabzug ist ein, wenn nicht der entscheidende Faktor f\u00fcr den in der Schweiz im internationalen Vergleich sehr hohen \u00abGender Pension Gap\u00bb \u2013 die Rentenl\u00fccke der Frauen im Vergleich zu den M\u00e4nnern: Sie haben im Schnitt rund 35 Prozent respektive fast 20&#8217;000 Franken weniger Rente pro Jahr.&nbsp;<\/p>\n\n\n\n<p>Du, liebe Rosmarie Zapfl, erkanntest das schon vor 30 Jahren. Und hast als Pr\u00e4sidentin von Alliance F \u2013 des \u00fcberparteilichen Dachverbands der Frauenorganisationen \u2013 weitergek\u00e4mpft. Doch erst 2019, mit dem h\u00f6heren Frauenanteil im Bundesparlament, erhielt das Anliegen das n\u00f6tige Gewicht. Und so schaffte es eine Anpassung des Koordinationsabzugs durch den National- und den St\u00e4nderat. Dieser wird neu fair und prozentual zum Lohn berechnet, das verbessert die Pensionskasse f\u00fcr tiefe L\u00f6hne und Teilzeit massiv.<\/p>\n\n\n\n<h4 class=\"wp-block-heading\">Zehntausende erhalten neu eine Rente<\/h4>\n\n\n\n<p>Dazu brachten wir auch noch die Senkung der Eintrittsschwelle in die Reform. Der Bundesrat hat berechnet, dass allein damit 70\u2019000 Personen neu in der zweiten S\u00e4ule versichert werden. Sie bekommen damit endlich eine Pensionskasse und sie und ihre Familien bei Schicksalsschl\u00e4gen eine Invaliden- beziehungsweise Hinterlassenenrente. Das sind entscheidende Verbesserungen in oft prek\u00e4ren Situationen. Pensionskassen erzielen sichere und h\u00f6here Zinsen als jede private Alternative. Es ist entscheidend, dieses privilegierte Vorsorgesparen den Teilzeitangestellten besser zug\u00e4nglich zu machen und ihre Pensionskassenrenten damit substanziell zu verbessern.&nbsp;<\/p>\n\n\n\n<p>Die BVG-Reform ist ein Kompromiss und enth\u00e4lt weitere, durchaus umstrittene Elemente. Die Referendumsf\u00fchrer bek\u00e4mpfen die Anpassung des Mindestumwandlungssatzes, die effektiv rund 15 Prozent der Versicherten betrifft \u2013 bei allen anderen wurde er bereits durch die Pensionskassen an die h\u00f6here Lebenserwartung angepasst. Am anderen Pol wird teilweise beanstandet, die Rentenzuschl\u00e4ge f\u00fcr die \u00dcbergangsgeneration seien zu hoch ausgefallen, weil sie auch jenen zugutekommen, die nicht von einer Senkung des Umwandlungssatzes betroffen sind.&nbsp;<\/p>\n\n\n\n<p>Keine Reform der Welt schafft nur Gewinnerinnen und Gewinner. Und es ist einfacher, Einzelf\u00e4lle zu skandalisieren, als faire L\u00f6sungen zu zimmern.<\/p>\n\n\n\n<p>Die Reform ist ein gutschweizerischer Kompromiss. Und sie korrigiert nach Jahrzehnten endlich den entscheidenden Konstruktionsfehler, den viele Politikerinnen und Frauenorganisationen seit 30 Jahren korrigieren wollen. Das bewog auch die Delegiertenversammlung von Alliance F, sich klar daf\u00fcr auszusprechen. Es ist mir eine grosse Ehre, mich als deine Nachfolgerin im Kopr\u00e4sidium des Frauendachverbands f\u00fcr das Anliegen einzusetzen, das du vor 27 Jahren erkannt und auf das politische Parkett gebracht hast. Mit der Unterst\u00fctzung der Stimmbev\u00f6lkerung d\u00fcrfte dieser Meilenstein endlich gelingen \u2013 von dem inzwischen notabene auch viele Teilzeit angestellte M\u00e4nner profitieren.&nbsp;<\/p>\n\n\n\n<p>Herzliche Gr\u00fcsse<\/p>\n\n\n\n<p>Kathrin Bertschy<\/p>\n\n\n\n<p><em>Diese Kolumne erschien am 21.05.2024 im Tages-Anzeiger.<\/em><\/p>\n\n\n\n<div class=\"wp-block-buttons is-layout-flex\">\n<div class=\"wp-block-button\"><a class=\"wp-block-button__link has-white-color has-vivid-cyan-blue-background-color has-text-color has-background wp-element-button\" href=\"https:\/\/www.kathrinbertschy.ch\/?page_id=709\" target=\"_blank\" rel=\"noreferrer noopener\">Zu allen Kolumnen<\/a><\/div>\n<\/div>\n","protected":false},"excerpt":{"rendered":"<p>Liebe Rosmarie Zapfl Der Bundesrat hat letzte Woche die Volksabstimmung zur Reform der beruflichen Vorsorge (BVG) f\u00fcr September angesetzt. Ich musste an dich denken. Schon 1997 hast du als CVP-Nationalr\u00e4tin &#8230;<\/p>\n","protected":false},"author":1,"featured_media":848,"comment_status":"closed","ping_status":"open","sticky":false,"template":"","format":"standard","meta":[],"categories":[80],"tags":[43,26],"_links":{"self":[{"href":"https:\/\/www.kathrinbertschy.ch\/index.php?rest_route=\/wp\/v2\/posts\/846"}],"collection":[{"href":"https:\/\/www.kathrinbertschy.ch\/index.php?rest_route=\/wp\/v2\/posts"}],"about":[{"href":"https:\/\/www.kathrinbertschy.ch\/index.php?rest_route=\/wp\/v2\/types\/post"}],"author":[{"embeddable":true,"href":"https:\/\/www.kathrinbertschy.ch\/index.php?rest_route=\/wp\/v2\/users\/1"}],"replies":[{"embeddable":true,"href":"https:\/\/www.kathrinbertschy.ch\/index.php?rest_route=%2Fwp%2Fv2%2Fcomments&post=846"}],"version-history":[{"count":3,"href":"https:\/\/www.kathrinbertschy.ch\/index.php?rest_route=\/wp\/v2\/posts\/846\/revisions"}],"predecessor-version":[{"id":850,"href":"https:\/\/www.kathrinbertschy.ch\/index.php?rest_route=\/wp\/v2\/posts\/846\/revisions\/850"}],"wp:featuredmedia":[{"embeddable":true,"href":"https:\/\/www.kathrinbertschy.ch\/index.php?rest_route=\/wp\/v2\/media\/848"}],"wp:attachment":[{"href":"https:\/\/www.kathrinbertschy.ch\/index.php?rest_route=%2Fwp%2Fv2%2Fmedia&parent=846"}],"wp:term":[{"taxonomy":"category","embeddable":true,"href":"https:\/\/www.kathrinbertschy.ch\/index.php?rest_route=%2Fwp%2Fv2%2Fcategories&post=846"},{"taxonomy":"post_tag","embeddable":true,"href":"https:\/\/www.kathrinbertschy.ch\/index.php?rest_route=%2Fwp%2Fv2%2Ftags&post=846"}],"curies":[{"name":"wp","href":"https:\/\/api.w.org\/{rel}","templated":true}]}}