{"id":825,"date":"2024-02-06T09:37:02","date_gmt":"2024-02-06T09:37:02","guid":{"rendered":"https:\/\/www.kathrinbertschy.ch\/?p=825"},"modified":"2024-02-07T09:37:29","modified_gmt":"2024-02-07T09:37:29","slug":"13-ahv-rente-wer-den-preis-zahlen-sollte","status":"publish","type":"post","link":"https:\/\/www.kathrinbertschy.ch\/?p=825","title":{"rendered":"13. AHV-Rente: Wer den Preis zahlen sollte"},"content":{"rendered":"\n<figure class=\"wp-block-image size-large\"><a href=\"https:\/\/www.kathrinbertschy.ch\/wordpress\/wp-content\/uploads\/2024\/02\/claudio-schwarz-K0oN3uwvuEw-unsplash-scaled.jpg\"><img decoding=\"async\" loading=\"lazy\" width=\"1024\" height=\"683\" src=\"https:\/\/www.kathrinbertschy.ch\/wordpress\/wp-content\/uploads\/2024\/02\/claudio-schwarz-K0oN3uwvuEw-unsplash-1024x683.jpg\" alt=\"\" class=\"wp-image-827\" srcset=\"https:\/\/www.kathrinbertschy.ch\/wordpress\/wp-content\/uploads\/2024\/02\/claudio-schwarz-K0oN3uwvuEw-unsplash-1024x683.jpg 1024w, https:\/\/www.kathrinbertschy.ch\/wordpress\/wp-content\/uploads\/2024\/02\/claudio-schwarz-K0oN3uwvuEw-unsplash-300x200.jpg 300w, https:\/\/www.kathrinbertschy.ch\/wordpress\/wp-content\/uploads\/2024\/02\/claudio-schwarz-K0oN3uwvuEw-unsplash-768x512.jpg 768w, https:\/\/www.kathrinbertschy.ch\/wordpress\/wp-content\/uploads\/2024\/02\/claudio-schwarz-K0oN3uwvuEw-unsplash-1536x1025.jpg 1536w, https:\/\/www.kathrinbertschy.ch\/wordpress\/wp-content\/uploads\/2024\/02\/claudio-schwarz-K0oN3uwvuEw-unsplash-2048x1366.jpg 2048w\" sizes=\"(max-width: 1024px) 100vw, 1024px\" \/><\/a><figcaption class=\"wp-element-caption\">Bild:\u00a0Claudio Schwarz,\u00a0Unsplash<\/figcaption><\/figure>\n\n\n\n<div style=\"height:10px\" aria-hidden=\"true\" class=\"wp-block-spacer\"><\/div>\n\n\n\n<p>Liebe Frau Bundesr\u00e4tin Baume-Schneider<\/p>\n\n\n\n<p>\u00abDer Preis der AHV-Initiative ist hoch. Jemand wird das bezahlen m\u00fcssen\u00bb,&nbsp;<a href=\"https:\/\/www.derbund.ch\/baume-schneider-ueber-13-ahv-rente-jemand-wird-das-bezahlen-muessen-135307575479\">darauf wiesen Sie k\u00fcrzlich<\/a>&nbsp;im Zusammenhang mit der Debatte zur 13. AHV-Rente hin. Sie sprechen damit einen zentralen Punkt an, der im aktuellen Abstimmungskampf eher zweitrangig erscheint. Die Finanzierung eines generationen\u00fcbergreifenden Sozialwerks wie der AHV trifft die Bev\u00f6lkerungsgruppen und Generationen in unterschiedlichem Mass. Sie bedarf daher einer besonders umsichtigen Abw\u00e4gung.<\/p>\n\n\n\n<p>Die Gewerkschaft Unia pr\u00e4sentiert mit \u00ab24 Franken bezahlen, 186 Franken erhalten\u00bb die Rechnung f\u00fcr einen Elektriker mit einem Monatslohn von 6000 Franken. Das t\u00f6nt nach einem tollen Deal. Nicht erw\u00e4hnt wird dabei, dass der heutige Lohnabzug direkt zur Finanzierung der aktuellen Renten verwendet wird. Man spart also nicht f\u00fcr sich selbst, sondern eine j\u00fcngere Generation bezahlt f\u00fcr \u00e4ltere. Das ist ein sehr entscheidendes Detail: Weil es immer weniger junge Elektriker gibt und zugleich immer mehr pensionierte Ex-Elektriker, wird der heutige Lohnabzug irgendwann nicht mehr ausreichen, um auch den heutigen Jungen dereinst die versprochene Rente zu finanzieren.&nbsp;<\/p>\n\n\n\n<p>Die AHV hat heute Jahresausgaben von 50 Milliarden Franken. In 10 Jahren werden es bereits 67 Milliarden sein. Aus den 24 Franken, die der erw\u00e4hnte Elektriker zus\u00e4tzlich zahlt, werden schnell \u00fcber 100 Franken, ber\u00fccksichtigt man mit, dass auch die Arbeitgeberbeitr\u00e4ge die L\u00f6hne belasten. Die AHV wird in naher Zukunft also weitere Mittel brauchen \u2013 je nach Abstimmungsergebnis vom 3. M\u00e4rz noch mehr.&nbsp;<\/p>\n\n\n\n<p>Woher also soll dieses Geld kommen? Das ist ein ebenso entscheidendes Detail: Jede Form der Zusatzfinanzierung hat ihre Nachteile.&nbsp;<\/p>\n\n\n\n<h4 class=\"wp-block-heading\"><strong>Lohnprozente belasten Familien<\/strong><\/h4>\n\n\n\n<p>Eine Finanzierung \u00fcber Lohnprozente senkt die verf\u00fcgbaren Einkommen der Erwerbst\u00e4tigen: Sie haben Ende des Monats weniger auf dem Konto und verlieren Kaufkraft. Das ist gef\u00e4hrlich: Schon heute haben zu viele Menschen das Gef\u00fchl, dass sich zus\u00e4tzliche Erwerbsarbeit f\u00fcr sie kaum lohnt und sie trotz mehr Arbeit kaum \u00fcber die Runden kommen. Darum m\u00fcssen wir mit dem Einziehen von Lohnprozenten sehr vorsichtig sein \u2013 gerade, wenn uns gleichzeitig an allen Ecken und Enden Fachkr\u00e4fte fehlen. Woher also sonst das Geld holen?<\/p>\n\n\n\n<p>Oft vorgeschlagen wird eine h\u00f6here Mehrwertsteuer. Doch die wiederum verteuert den Konsum \u2013 und wieder haben die Menschen Ende des Monats weniger im Portemonnaie. Immerhin finanzieren hier auch wohlhabende Pensionierte mit. Dennoch ist der Preis f\u00fcr diese Finanzierung ungleich verteilt: Insbesondere Haushalte mit tieferen Einkommen sp\u00fcren Preiserh\u00f6hungen merklich. Sie m\u00fcssen einen vergleichsweise hohen Anteil ihres Einkommens f\u00fcr laufenden Konsum aufwenden. Auf Nahrungsmittel und G\u00fcter des t\u00e4glichen Gebrauchs kann nicht einfach so verzichtet werden. Auch hier ist also Vorsicht angesagt.<\/p>\n\n\n\n<h4 class=\"wp-block-heading\"><strong>Verteilkampf beim Bundesbudget<\/strong><\/h4>\n\n\n\n<p>Bleibt die Erh\u00f6hung der Bundessteuer, die aufgrund der Progression und Ausgestaltung die hohen Einkommen ab 150\u2019000 Franken bezahlen l\u00e4sst. Sie h\u00e4tte zwar den Vorteil, dass auch gut situierte Rentner mitzahlen. Die direkte Bundeskasse steuert aber bereits heute 20 Prozent an die AHV bei. Damit dieser Anteil weiter gestemmt werden kann, wird es bereits Zusatzgeld brauchen, auch ohne die 13. Rente.&nbsp; Und das zu einer Zeit, in der die Bundesfinanzen angespannt sind. Ein Ausbau des Bundesanteils f\u00fcr die AHV nimmt Spielraum f\u00fcr grosse Herausforderungen wie Investitionen in den Klimaschutz oder in volkswirtschaftlich wichtige Projekte wie die Individualbesteuerung oder die Vereinbarkeit von Familie und Beruf.&nbsp;<\/p>\n\n\n\n<p>Bleibt also eine Idee, die bislang in der Schweiz wenig Chancen hatte: eine moderate Erbschaftssteuer. Sie w\u00fcrde nicht ausgerechnet die f\u00fcr eine starke Volkswirtschaft so wichtige Erwerbsarbeit belasten und die Last auch nicht einfach der n\u00e4chsten Generation weiterreichen. Sondern einen Ausgleich innerhalb der Rentengeneration schaffen, wo ein Grossteil der Verm\u00f6gen heute vererbt wird. Es w\u00e4re eine Idee, die unserer liberalen Tradition entspricht. Zudem bringt sie kaum negative volkswirtschaftliche Effekte mit sich \u2013 wenn man gute L\u00f6sungen f\u00fcr die Weitergabe von KMU und Familienunternehmen gew\u00e4hrleistet. Allerdings: An der Abstimmungsurne w\u00e4re eine Erbschaftssteuer wohl wenig popul\u00e4r, selbst wenn sie andere Finanzierungen ersetzen w\u00fcrde.&nbsp;<\/p>\n\n\n\n<p>Bleibt als Fazit: Die Finanzierung ist und bleibt eine hoch anspruchsvolle Angelegenheit.\u00a0<\/p>\n\n\n\n<p>Auch ich erachte die AHV-Minimalrente als zu tief. Ebenso sind die Renten f\u00fcr Personen, welche Kinder und Angeh\u00f6rige gepflegt haben, meist unbefriedigend \u2013 ihre wichtige Leistung f\u00fcr die Gesellschaft wird in der AHV zu wenig abgebildet. Das m\u00fcssen wir gezielt verbessern: in der AHV, aber auch bei den Pensionskassen. Die Sorglosigkeit in der Diskussion um eine Finanzierung einer allgemeinen Rentenerh\u00f6hung beunruhigt mich dennoch. Dass sich letztlich oft die volkswirtschaftlich unsinnigste, aber politisch am wenigsten auf Widerstand stossende Finanzierung durchsetzen d\u00fcrfte \u2013 namentlich eine sukzessive Erh\u00f6hung der Lohnabz\u00fcge \u2013, ebenso.<\/p>\n\n\n\n<p>Mit freundlichen Gr\u00fcssen<\/p>\n\n\n\n<p>Kathrin Bertschy<\/p>\n\n\n\n<p><em>Diese Kolumne erschien am 06.02.2024 im Tages-Anzeiger.<\/em><\/p>\n\n\n\n<div class=\"wp-block-buttons is-layout-flex\">\n<div class=\"wp-block-button\"><a class=\"wp-block-button__link has-white-color has-vivid-cyan-blue-background-color has-text-color has-background wp-element-button\" href=\"https:\/\/www.kathrinbertschy.ch\/?page_id=709\" target=\"_blank\" rel=\"noreferrer noopener\">Zu allen Kolumnen<\/a><\/div>\n<\/div>\n","protected":false},"excerpt":{"rendered":"<p>Liebe Frau Bundesr\u00e4tin Baume-Schneider \u00abDer Preis der AHV-Initiative ist hoch. Jemand wird das bezahlen m\u00fcssen\u00bb,&nbsp;darauf wiesen Sie k\u00fcrzlich&nbsp;im Zusammenhang mit der Debatte zur 13. AHV-Rente hin. Sie sprechen damit einen &#8230;<\/p>\n","protected":false},"author":1,"featured_media":827,"comment_status":"closed","ping_status":"open","sticky":false,"template":"","format":"standard","meta":[],"categories":[80],"tags":[43],"_links":{"self":[{"href":"https:\/\/www.kathrinbertschy.ch\/index.php?rest_route=\/wp\/v2\/posts\/825"}],"collection":[{"href":"https:\/\/www.kathrinbertschy.ch\/index.php?rest_route=\/wp\/v2\/posts"}],"about":[{"href":"https:\/\/www.kathrinbertschy.ch\/index.php?rest_route=\/wp\/v2\/types\/post"}],"author":[{"embeddable":true,"href":"https:\/\/www.kathrinbertschy.ch\/index.php?rest_route=\/wp\/v2\/users\/1"}],"replies":[{"embeddable":true,"href":"https:\/\/www.kathrinbertschy.ch\/index.php?rest_route=%2Fwp%2Fv2%2Fcomments&post=825"}],"version-history":[{"count":2,"href":"https:\/\/www.kathrinbertschy.ch\/index.php?rest_route=\/wp\/v2\/posts\/825\/revisions"}],"predecessor-version":[{"id":828,"href":"https:\/\/www.kathrinbertschy.ch\/index.php?rest_route=\/wp\/v2\/posts\/825\/revisions\/828"}],"wp:featuredmedia":[{"embeddable":true,"href":"https:\/\/www.kathrinbertschy.ch\/index.php?rest_route=\/wp\/v2\/media\/827"}],"wp:attachment":[{"href":"https:\/\/www.kathrinbertschy.ch\/index.php?rest_route=%2Fwp%2Fv2%2Fmedia&parent=825"}],"wp:term":[{"taxonomy":"category","embeddable":true,"href":"https:\/\/www.kathrinbertschy.ch\/index.php?rest_route=%2Fwp%2Fv2%2Fcategories&post=825"},{"taxonomy":"post_tag","embeddable":true,"href":"https:\/\/www.kathrinbertschy.ch\/index.php?rest_route=%2Fwp%2Fv2%2Ftags&post=825"}],"curies":[{"name":"wp","href":"https:\/\/api.w.org\/{rel}","templated":true}]}}