{"id":711,"date":"2023-07-18T08:33:03","date_gmt":"2023-07-18T08:33:03","guid":{"rendered":"http:\/\/www.kathrinbertschy.ch\/?p=711"},"modified":"2023-10-30T10:34:02","modified_gmt":"2023-10-30T10:34:02","slug":"kindertagesstaetten-sind-die-eisenbahn-des-21-jahrhunderts","status":"publish","type":"post","link":"https:\/\/www.kathrinbertschy.ch\/?p=711","title":{"rendered":"Kindertagesst\u00e4tten sind die Eisenbahn des 21. Jahrhunderts"},"content":{"rendered":"\n<p class=\"has-medium-font-size\">Bezahlbare Kinderbetreuung ist eine Schl\u00fcsselinfrastruktur f\u00fcr die wirtschaftliche Entwicklung der Schweiz. Und darum keine Privatsache.<\/p>\n\n\n\n<figure class=\"wp-block-image size-large\"><a href=\"http:\/\/www.kathrinbertschy.ch\/wordpress\/wp-content\/uploads\/2023\/07\/jason-leung-M55JcA9wOG0-unsplash-scaled.jpg\"><img decoding=\"async\" loading=\"lazy\" width=\"1024\" height=\"576\" src=\"http:\/\/www.kathrinbertschy.ch\/wordpress\/wp-content\/uploads\/2023\/07\/jason-leung-M55JcA9wOG0-unsplash-edited-1-1024x576.jpg\" alt=\"\" class=\"wp-image-716\" srcset=\"https:\/\/www.kathrinbertschy.ch\/wordpress\/wp-content\/uploads\/2023\/07\/jason-leung-M55JcA9wOG0-unsplash-edited-1-1024x576.jpg 1024w, https:\/\/www.kathrinbertschy.ch\/wordpress\/wp-content\/uploads\/2023\/07\/jason-leung-M55JcA9wOG0-unsplash-edited-1-300x169.jpg 300w, https:\/\/www.kathrinbertschy.ch\/wordpress\/wp-content\/uploads\/2023\/07\/jason-leung-M55JcA9wOG0-unsplash-edited-1-768x432.jpg 768w, https:\/\/www.kathrinbertschy.ch\/wordpress\/wp-content\/uploads\/2023\/07\/jason-leung-M55JcA9wOG0-unsplash-edited-1-1536x864.jpg 1536w, https:\/\/www.kathrinbertschy.ch\/wordpress\/wp-content\/uploads\/2023\/07\/jason-leung-M55JcA9wOG0-unsplash-edited-1-2048x1152.jpg 2048w\" sizes=\"(max-width: 1024px) 100vw, 1024px\" \/><\/a><figcaption class=\"wp-element-caption\">Bild: Unsplash \/ Jason Leung<\/figcaption><\/figure>\n\n\n\n<div style=\"height:10px\" aria-hidden=\"true\" class=\"wp-block-spacer\"><\/div>\n\n\n\n<p>Lieber Valentin Vogt,<\/p>\n\n\n\n<p>K\u00fcrzlich habe ich Sie in der \u00abSamstagsrundschau\u00bb geh\u00f6rt. Ein m\u00f6gliches Scheitern des Bundesgesetzes zur familienerg\u00e4nzenden Kinderbetreuung bezeichneten sie als \u00abSuper-GAU\u00bb. Mit Blick auf Eltern, deren Verdienst durch Steuern und Kinderbetreuung gleich wieder weggefressen wird, sagten Sie, der oberste Arbeitgeber des Landes, unverbl\u00fcmt: Da ist jetzt der Staat gefragt. Sie erinnerten mich an Alfred Escher.&nbsp;<\/p>\n\n\n\n<p>Escher warnte 1849, dass die Schweiz den Anschluss an die Moderne verpasse. Wenn die Eisenbahn um die Schweiz statt durch unser Land gebaut wird. Das Eisenbahngesetz brachte schliesslich den Durchbruch: Der Staat finanzierte. Bau und Betrieb der Bahnen wurde Privaten \u00fcberlassen. So entstanden unz\u00e4hlige Eisenbahnkilometer und die Nord-S\u00fcd-Querung, der Gotthardtunnel.<\/p>\n\n\n\n<p>Die Infrastrukturpioniere organisierten sich, um die Schweiz strategisch gut zu positionieren. Und legten damit den Grundstein f\u00fcr die wirtschaftliche Entwicklung und die k\u00fcnftige Wohlfahrt unseres Landes. Ganz im Sinne des liberalen Grundgedankens eines Staates: Rahmenbedingungen zu schaffen, welche die B\u00fcrgerinnen und B\u00fcrger erm\u00e4chtigen, ihr Potenzial zu nutzen.<\/p>\n\n\n\n<p>Heute aber mangelt es nicht an Schienennetzen. Sondern an Fachkr\u00e4ften \u2013 und die Situation spitzt sich zu. Sie, Herr Vogt, haben wie damals Escher erkannt: Das m\u00fcsste nicht so sein.<\/p>\n\n\n\n<p>Die fehlenden Arbeitskr\u00e4fte w\u00e4ren parat. Wir haben sie ausgebildet, auf Staatskosten. M\u00fctter (und V\u00e4ter), die nicht erwerbst\u00e4tig sind oder nur in reduzierten Pensen, obwohl sie das gar nicht m\u00f6chten. 15 Prozent der M\u00fctter bezeichnen sich in Umfragen des Bundesamtes f\u00fcr Statistik als unfreiwillig unterbesch\u00e4ftigt. Sie w\u00fcrden gerne mehr arbeiten, k\u00f6nnen aber nicht, weil die Kinderbetreuung nicht bezahl- oder organisierbar ist. Mit anderen Worten: Sie bleiben dem Arbeitsmarkt fern, weil die Infrastruktur fehlt \u2013 eine erschwingliche Kinderbetreuung.&nbsp;<\/p>\n\n\n\n<p>Eine Kitarechnung von 2000 Franken pro Monat f\u00fcr zwei Kinder an zwei Wochentagen \u2013 das sind Rahmenbedingungen, welche die B\u00fcrgerinnen und B\u00fcrger nicht erm\u00e4chtigen, ihre Erwerbst\u00e4tigkeit auszudehnen. Sie k\u00f6nnen es sich oft schlicht nicht leisten.&nbsp;<\/p>\n\n\n\n<p>Das ist \u00e4hnlich sinnlos, als h\u00e4tte sich zu Eschers Zeiten jeder Haushalt sein eigenes Z\u00fcglein an den Arbeitsplatz finanzieren m\u00fcssen. Kinderbetreuung ist eine Schl\u00fcsselinfrastruktur und darum halt doch keine Privatsache.&nbsp;<\/p>\n\n\n\n<p>Warum nur gelingt der Schweiz hier die Pioniertat nicht? L\u00e4ngst g\u00e4be es Erfolgsmodelle, die wir uns nur noch von anderen westlichen L\u00e4ndern abschauen k\u00f6nnten. Bei weitem nicht nur im Norden, sondern beispielsweise auch im Arbeiterland Portugal: Erschwingliche Kinderbetreuung ist dort l\u00e4ngst als arbeitsmarktliche Notwendigkeit erkannt und etabliert. Portugal belegt Rang 6 im L\u00e4ndervergleich. Die Schweiz landet \u2013 f\u00fcr den Mittelstand \u2013 auf dem letzten Rang der 37 L\u00e4nder.<\/p>\n\n\n\n<p>Warum andere L\u00e4nder hier investieren? Genau wie bei Escher: weil es lohnt.<\/p>\n\n\n\n<p>In der Politik wird oft dar\u00fcber debattiert, wie viel etwas kostet. Mir fehlt dann h\u00e4ufig der zweite Teil der Rechnung: n\u00e4mlich die Kosten, die anfallen, wenn man stattdessen nichts tut. Und das sind hier 3,25 Milliarden Schweizer Franken. Pro Jahr! So viel Wohlstand geht uns verloren, weil Eltern wegen der fehlenden Kitafinanzierung auf Einkommen verzichten oder die berufliche Entwicklung verpassen und weil Kinder von fr\u00fchkindlicher Bildung nicht profitieren k\u00f6nnen. Gest\u00fctzt wird diese Zahl durch eine umfangreiche \u00f6konomische Studie des unabh\u00e4ngigen Schweizer Wirtschaftsforschungsinstitut&nbsp;BAK Economics. Nat\u00fcrlich stellt sich dieser Effekt zum Teil erst \u00fcber die Jahre ein. Aber das war bei keinem Infrastrukturvorhaben in der Vergangenheit anders.<\/p>\n\n\n\n<p>3,25 Milliarden Franken an Wohlstandsverlust: Das ist der j\u00e4hrliche Preis von \u00abweiter wie bisher\u00bb.&nbsp;<\/p>\n\n\n\n<p>Diesen Mittwoch hat der Nationalrat die Chance, mit dem Gesetz \u00fcber die familienerg\u00e4nzende Kinderbetreuung Bund und Kantone k\u00fcnftig an diesem Infrastrukturvorhaben zu beteiligen. Damit es sich f\u00fcr alle hier ausgebildeten Personen lohnt, erwerbst\u00e4tig zu sein. Ein Meilenstein f\u00fcr die k\u00fcnftige Entwicklung der Schweiz. Zum Gl\u00fcck wurden fr\u00fcher weitsichtige Infrastrukturvorhaben umgesetzt. Auch dank Vork\u00e4mpfern aus der Wirtschaft wie Ihnen, gesch\u00e4tzter Valentin Vogt. Sie haben erkannt, dass Kindertagesst\u00e4tten eine Schl\u00fcsselinfrastruktur der Zukunft sind. Sie sind ein Pionier.<\/p>\n\n\n\n<p>Mit freundlichen Gr\u00fcssen, Kathrin Bertschy<\/p>\n\n\n\n<p><em>Diese Kolumne erschien am 28.02.2023 im Tages-Anzeiger.<\/em><\/p>\n\n\n\n<div class=\"wp-block-buttons is-layout-flex\">\n<div class=\"wp-block-button\"><a class=\"wp-block-button__link has-white-color has-vivid-cyan-blue-background-color has-text-color has-background wp-element-button\" href=\"https:\/\/www.kathrinbertschy.ch\/?page_id=709\" target=\"_blank\" rel=\"noreferrer noopener\">Zu allen Kolumnen<\/a><\/div>\n<\/div>\n","protected":false},"excerpt":{"rendered":"<p>Bezahlbare Kinderbetreuung ist eine Schl\u00fcsselinfrastruktur f\u00fcr die wirtschaftliche Entwicklung der Schweiz. Und darum keine Privatsache. Lieber Valentin Vogt, K\u00fcrzlich habe ich Sie in der \u00abSamstagsrundschau\u00bb geh\u00f6rt. Ein m\u00f6gliches Scheitern des &#8230;<\/p>\n","protected":false},"author":1,"featured_media":716,"comment_status":"closed","ping_status":"open","sticky":false,"template":"","format":"standard","meta":[],"categories":[80],"tags":[42,26,41],"_links":{"self":[{"href":"https:\/\/www.kathrinbertschy.ch\/index.php?rest_route=\/wp\/v2\/posts\/711"}],"collection":[{"href":"https:\/\/www.kathrinbertschy.ch\/index.php?rest_route=\/wp\/v2\/posts"}],"about":[{"href":"https:\/\/www.kathrinbertschy.ch\/index.php?rest_route=\/wp\/v2\/types\/post"}],"author":[{"embeddable":true,"href":"https:\/\/www.kathrinbertschy.ch\/index.php?rest_route=\/wp\/v2\/users\/1"}],"replies":[{"embeddable":true,"href":"https:\/\/www.kathrinbertschy.ch\/index.php?rest_route=%2Fwp%2Fv2%2Fcomments&post=711"}],"version-history":[{"count":6,"href":"https:\/\/www.kathrinbertschy.ch\/index.php?rest_route=\/wp\/v2\/posts\/711\/revisions"}],"predecessor-version":[{"id":805,"href":"https:\/\/www.kathrinbertschy.ch\/index.php?rest_route=\/wp\/v2\/posts\/711\/revisions\/805"}],"wp:featuredmedia":[{"embeddable":true,"href":"https:\/\/www.kathrinbertschy.ch\/index.php?rest_route=\/wp\/v2\/media\/716"}],"wp:attachment":[{"href":"https:\/\/www.kathrinbertschy.ch\/index.php?rest_route=%2Fwp%2Fv2%2Fmedia&parent=711"}],"wp:term":[{"taxonomy":"category","embeddable":true,"href":"https:\/\/www.kathrinbertschy.ch\/index.php?rest_route=%2Fwp%2Fv2%2Fcategories&post=711"},{"taxonomy":"post_tag","embeddable":true,"href":"https:\/\/www.kathrinbertschy.ch\/index.php?rest_route=%2Fwp%2Fv2%2Ftags&post=711"}],"curies":[{"name":"wp","href":"https:\/\/api.w.org\/{rel}","templated":true}]}}