{"id":537,"date":"2020-06-19T18:37:54","date_gmt":"2020-06-19T18:37:54","guid":{"rendered":"http:\/\/www.kathrinbertschy.ch\/?p=537"},"modified":"2020-07-14T18:44:50","modified_gmt":"2020-07-14T18:44:50","slug":"stickstoff-unterschiedliche-behandlung-der-wirtschaftssektoren","status":"publish","type":"post","link":"https:\/\/www.kathrinbertschy.ch\/?p=537","title":{"rendered":"Stickstoff. Unterschiedliche Behandlung der Wirtschaftssektoren?"},"content":{"rendered":"\n<p>Um unerw\u00fcnschte Stickstoffemissionen in die Umwelt zu reduzieren, reguliert die Schweiz den Stickstoffhaushalt mit verschiedenen Bestimmungen im Umweltschutz-, Gew\u00e4sserschutz- und Landwirtschaftsrecht &#8211; so beschrieben in der bundesr\u00e4tlichen Antwort auf die Interpellation\u00a0\u00ab<a href=\"https:\/\/www.parlament.ch\/de\/ratsbetrieb\/suche-curia-vista\/geschaeft?AffairId=20194480\">Wie ambitioniert ist der bundesr\u00e4tliche Stickstoff-Absenkpfad tats\u00e4chlich?<\/a>\u00bb.<\/p>\n\n\n\n<!--more-->\n\n\n\n<p>Die Schweiz hat sich im Rahmen von verschiedenen internationalen Abkommen verpflichtet, Massnahmen zu ergreifen, um eine Reduktion der Stickstoff\u00fcbersch\u00fcsse zu erreichen. Beispielsweise in der Genfer Konvention (CLRTAP), im G\u00f6teborg-Protokoll, Kyoto-Protokoll, dem OSPAR-\u00dcbereinkommen oder den Internationalen Nordseeschutz-Konferenzen (INK).<\/p>\n\n\n\n<p>Dem OSPAR- \u00dcbereinkommen ist die Schweiz bereits1994 beigetreten. Das vereinbarte Ziel war eine Reduktion der Stickstoffeintr\u00e4ge in die Gew\u00e4sser, um 50 Prozent gegen\u00fcber 1985 &#8211; dies im Bereichen der Siedlungswirtschaft, wie auch der Landwirtschaft. Die Daten der vergangenen Jahre zeigen, dass die stickstoffhaltigen Luftschadstoffe aus Verkehr, Industrie und Gewerbe wirkungsvoll reduziert werden konnten, ebenso die Stickstoffeintr\u00e4ge aus der Siedlungswirtschaft (z.B. via Kl\u00e4ranlagen). Dagegen ist es der Landwirtschaft nicht im selben Masse gelungen, die Stickstoffproblematik zu entsch\u00e4rfen: Die in den Agrarpolitiken formulierten Reduktionsziele werden Jahr f\u00fcr Jahr deutlich verfehlt. Waren fr\u00fcher Verkehr und Industrie die gr\u00f6ssten Stickstoffemittenten, ist es heute die Landwirtschaft.<\/p>\n\n\n\n<p>Nachdem er in seiner Antwort auf meine Interpellation\u00a0<a href=\"https:\/\/www.parlament.ch\/de\/ratsbetrieb\/suche-curia-vista\/geschaeft?AffairId=20194480\">19.4480<\/a>\u00a0\u00abWie ambitioniert ist der bundesr\u00e4tliche Stickstoff-Absenkpfad tats\u00e4chlich?\u00bb die rechtliche Verbindlichkeit der Reduktionsziele im Bereich Stickstoff unterstrichen hat, bitte ich den Bundesrat, folgende Fragen zu beantworten:<\/p>\n\n\n\n<ol><li>Sind, nebst den drei Bereichen Verkehr, Industrie und Gewerbe, Siedlungswirtschaft sowie Landwirtschaft weitere wichtige Felder zu nennen, in denen signifikant Stickstoff emittiert wird?<\/li><li>Wenn in einigen dieser Bereiche die Stickstoffeintr\u00e4ge signifikant reduziert wurden, in anderen seit 20 Jahren aber kaum (siehe Antworten auf\u00a0<a href=\"https:\/\/www.parlament.ch\/de\/ratsbetrieb\/suche-curia-vista\/geschaeft?AffairId=20195603\">19.5603<\/a>,\u00a0<a href=\"https:\/\/www.parlament.ch\/de\/ratsbetrieb\/suche-curia-vista\/geschaeft?AffairId=20195667\">19.5667<\/a>,\u00a0<a href=\"https:\/\/www.parlament.ch\/de\/ratsbetrieb\/suche-curia-vista\/geschaeft?AffairId=20194480\">19.4480<\/a>\u00a0oder\u00a0<a href=\"https:\/\/www.parlament.ch\/de\/ratsbetrieb\/suche-curia-vista\/geschaeft?AffairId=20194602\">19.4602<\/a>): Besteht hier eine erhebliche Einschr\u00e4nkung in einigen Bereichen, in anderen aber nicht?<\/li><li>Wenn nein: Warum nicht?<\/li><li>Wenn ja: Gibt es eine objektive Rechtfertigung f\u00fcr eine solche Ungleichbehandlung der Wirtschaftssektoren in den genannten Bereichen? Wie lautet diese?<\/li><\/ol>\n\n\n\n<div class=\"wp-block-button aligncenter\"><a class=\"wp-block-button__link has-background\" href=\"https:\/\/www.parlament.ch\/de\/ratsbetrieb\/suche-curia-vista\/geschaeft?AffairId=20203896\" style=\"background-color:#b4dc00\" target=\"_blank\" rel=\"noreferrer noopener\">Zur Interpellation auf der Seite des Parlaments<\/a><\/div>\n\n\n\n<p><\/p>\n","protected":false},"excerpt":{"rendered":"<p>Um unerw\u00fcnschte Stickstoffemissionen in die Umwelt zu reduzieren, reguliert die Schweiz den Stickstoffhaushalt mit verschiedenen Bestimmungen im Umweltschutz-, Gew\u00e4sserschutz- und Landwirtschaftsrecht &#8211; so beschrieben in der bundesr\u00e4tlichen Antwort auf die &#8230;<\/p>\n","protected":false},"author":1,"featured_media":506,"comment_status":"closed","ping_status":"open","sticky":false,"template":"","format":"standard","meta":[],"categories":[28,27],"tags":[65,73,74],"_links":{"self":[{"href":"https:\/\/www.kathrinbertschy.ch\/index.php?rest_route=\/wp\/v2\/posts\/537"}],"collection":[{"href":"https:\/\/www.kathrinbertschy.ch\/index.php?rest_route=\/wp\/v2\/posts"}],"about":[{"href":"https:\/\/www.kathrinbertschy.ch\/index.php?rest_route=\/wp\/v2\/types\/post"}],"author":[{"embeddable":true,"href":"https:\/\/www.kathrinbertschy.ch\/index.php?rest_route=\/wp\/v2\/users\/1"}],"replies":[{"embeddable":true,"href":"https:\/\/www.kathrinbertschy.ch\/index.php?rest_route=%2Fwp%2Fv2%2Fcomments&post=537"}],"version-history":[{"count":1,"href":"https:\/\/www.kathrinbertschy.ch\/index.php?rest_route=\/wp\/v2\/posts\/537\/revisions"}],"predecessor-version":[{"id":538,"href":"https:\/\/www.kathrinbertschy.ch\/index.php?rest_route=\/wp\/v2\/posts\/537\/revisions\/538"}],"wp:featuredmedia":[{"embeddable":true,"href":"https:\/\/www.kathrinbertschy.ch\/index.php?rest_route=\/wp\/v2\/media\/506"}],"wp:attachment":[{"href":"https:\/\/www.kathrinbertschy.ch\/index.php?rest_route=%2Fwp%2Fv2%2Fmedia&parent=537"}],"wp:term":[{"taxonomy":"category","embeddable":true,"href":"https:\/\/www.kathrinbertschy.ch\/index.php?rest_route=%2Fwp%2Fv2%2Fcategories&post=537"},{"taxonomy":"post_tag","embeddable":true,"href":"https:\/\/www.kathrinbertschy.ch\/index.php?rest_route=%2Fwp%2Fv2%2Ftags&post=537"}],"curies":[{"name":"wp","href":"https:\/\/api.w.org\/{rel}","templated":true}]}}