{"id":505,"date":"2019-12-18T15:45:00","date_gmt":"2019-12-18T15:45:00","guid":{"rendered":"http:\/\/www.kathrinbertschy.ch\/?p=505"},"modified":"2020-03-12T15:49:23","modified_gmt":"2020-03-12T15:49:23","slug":"wie-ambitioniert-ist-der-bundesraetliche-stickstoff-absenkpfad-tatsaechlich","status":"publish","type":"post","link":"https:\/\/www.kathrinbertschy.ch\/?p=505","title":{"rendered":"Wie ambitioniert ist der bundesr\u00e4tliche Stickstoff-Absenkpfad tats\u00e4chlich?"},"content":{"rendered":"\n<p>Der Bundesrat hat k\u00fcrzlich einen verbindlichen Absenkpfad f\u00fcr die landwirtschaftlichen N\u00e4hrstoffverluste beschlossen. In der Agrarpolitik 22+ soll eine Reduktion der Stickstoff- und Phosphor\u00fcbersch\u00fcsse um mindestens 10 Prozent bis 2025 (Referenzjahr 2015) und um mindestens 20 Prozent bis 2030 gegen\u00fcber 2015 festgelegt werden. Zudem soll aufgezeigt werden, welche Massnahmen im Falle einer Zielverfehlung ergriffen werden. Der Bundesrat beantwortete verschiedene Vorst\u00f6sse dahingehend, dass zwischen 1990 und 2000 die Stickstoff- und Ammoniak\u00fcbersch\u00fcsse etwas gesunken seien, seither jedoch nur noch unwesentlich (siehe etwa&nbsp;<a href=\"https:\/\/www.parlament.ch\/de\/ratsbetrieb\/suche-curia-vista\/geschaeft?AffairId=20195631\">19.5631<\/a>&nbsp;oder&nbsp;<a href=\"https:\/\/www.parlament.ch\/de\/ratsbetrieb\/suche-curia-vista\/geschaeft?AffairId=20195603\">19.5603<\/a>).<\/p>\n\n\n\n<p>Ich bitte den Bundesrat, in dem Zusammenhang folgende Fragen zu beantworten:<\/p>\n\n\n\n<ol><li>Ist es korrekt, dass die Schweiz in Bezug auf das geltende Umweltrecht zu hohe Stickstoff- und insbesondere Ammoniakemissionen aufweist?<\/li><li>Wie lauten die entsprechenden gesetzlichen Bestimmungen und Ziele konkret und wo sind sie zu finden?<\/li><li>Wie hoch w\u00e4re die nach geltendem Recht gerade noch konforme Belastung mit Stickstoff und Ammoniak?<\/li><li>Um wie viele Tonnen j\u00e4hrlich liegen die Emissionen von Stickstoff und Ammoniak \u00fcber diesem Wert?<\/li><li>Ist es korrekt, dass damit ein rechtswidriger Zustand vorliegt?<\/li><li>Seit wie vielen Jahren liegt dieser Wert bereits so hoch?<\/li><li>Was ist der Grund daf\u00fcr, dass trotz Vorliegen eines rechtswidrigen Zustandes seit rund 10 Jahren keine nennenswerte Reduktion mehr stattgefunden hat?<\/li><li>Wenn der Bundesrat die Stickstoff- und Phosphor\u00fcbersch\u00fcsse um mindestens 10 Prozent bis 2025 und um mindestens 20 Prozent bis 2030 (Referenzjahr 2015) senken m\u00f6chte: Ist es korrekt, dass dann immer noch \u00dcbersch\u00fcsse vorliegen, die dem Umweltrecht widersprechen?<\/li><li>Wenn ja, um wie viele Tonnen j\u00e4hrlich trifft diese zu bei Stickstoff und Ammoniak?<\/li><li>Wie sieht die Situation bei Phosphor aus (gesetzliche Bestimmungen sowie absolute Zahlen)?<\/li><li>Warum schl\u00e4gt der Bundesrat nach Jahren des Stillstandes einen Absenkpfad vor, der nicht einmal einen rechtskonformen Zustand zum Ziel hat, und auch nicht vorgibt, bis wann ein rechtskonformer Zustand erreicht werden soll?<\/li><\/ol>\n\n\n\n<div class=\"wp-block-button aligncenter\"><a class=\"wp-block-button__link has-background\" href=\"https:\/\/www.parlament.ch\/de\/ratsbetrieb\/suche-curia-vista\/geschaeft?AffairId=20194480\" style=\"background-color:#b4dc00\">Zur Antwort des Bundesrats<\/a><\/div>\n","protected":false},"excerpt":{"rendered":"<p>Der Bundesrat hat k\u00fcrzlich einen verbindlichen Absenkpfad f\u00fcr die landwirtschaftlichen N\u00e4hrstoffverluste beschlossen. In der Agrarpolitik 22+ soll eine Reduktion der Stickstoff- und Phosphor\u00fcbersch\u00fcsse um mindestens 10 Prozent bis 2025 (Referenzjahr &#8230;<\/p>\n","protected":false},"author":1,"featured_media":506,"comment_status":"closed","ping_status":"open","sticky":false,"template":"","format":"standard","meta":[],"categories":[28,27],"tags":[65],"_links":{"self":[{"href":"https:\/\/www.kathrinbertschy.ch\/index.php?rest_route=\/wp\/v2\/posts\/505"}],"collection":[{"href":"https:\/\/www.kathrinbertschy.ch\/index.php?rest_route=\/wp\/v2\/posts"}],"about":[{"href":"https:\/\/www.kathrinbertschy.ch\/index.php?rest_route=\/wp\/v2\/types\/post"}],"author":[{"embeddable":true,"href":"https:\/\/www.kathrinbertschy.ch\/index.php?rest_route=\/wp\/v2\/users\/1"}],"replies":[{"embeddable":true,"href":"https:\/\/www.kathrinbertschy.ch\/index.php?rest_route=%2Fwp%2Fv2%2Fcomments&post=505"}],"version-history":[{"count":1,"href":"https:\/\/www.kathrinbertschy.ch\/index.php?rest_route=\/wp\/v2\/posts\/505\/revisions"}],"predecessor-version":[{"id":507,"href":"https:\/\/www.kathrinbertschy.ch\/index.php?rest_route=\/wp\/v2\/posts\/505\/revisions\/507"}],"wp:featuredmedia":[{"embeddable":true,"href":"https:\/\/www.kathrinbertschy.ch\/index.php?rest_route=\/wp\/v2\/media\/506"}],"wp:attachment":[{"href":"https:\/\/www.kathrinbertschy.ch\/index.php?rest_route=%2Fwp%2Fv2%2Fmedia&parent=505"}],"wp:term":[{"taxonomy":"category","embeddable":true,"href":"https:\/\/www.kathrinbertschy.ch\/index.php?rest_route=%2Fwp%2Fv2%2Fcategories&post=505"},{"taxonomy":"post_tag","embeddable":true,"href":"https:\/\/www.kathrinbertschy.ch\/index.php?rest_route=%2Fwp%2Fv2%2Ftags&post=505"}],"curies":[{"name":"wp","href":"https:\/\/api.w.org\/{rel}","templated":true}]}}