{"id":498,"date":"2019-10-15T19:03:00","date_gmt":"2019-10-15T19:03:00","guid":{"rendered":"http:\/\/www.kathrinbertschy.ch\/?p=498"},"modified":"2020-03-11T19:05:11","modified_gmt":"2020-03-11T19:05:11","slug":"tag-75-lwiw","status":"publish","type":"post","link":"https:\/\/www.kathrinbertschy.ch\/?p=498","title":{"rendered":"Tag 75, Lwiw"},"content":{"rendered":"\n<p>Unsere Reise nach Bern neigt sich dem Ende zu. Der letzte Halt ist in Lwiw. Ein stolzer L\u00f6we ziert das Wappen der Unesco-Weltkulturerbe Stadt. Das Wappentier erinnert an die fr\u00fcheren italienischen und franz\u00f6sischen Namen Leopoli und L\u00e9opol \u2013 und unerm\u00fcdliche L\u00f6wenk\u00e4mpfe. W\u00e4hrend der bewegten Geschichte hat Lwiw viele Namen getragen, und mit ihnen Friedens- und Schreckenszeiten erlebt.<\/p>\n\n\n\n<p>Lemberg hiess die Stadt in ihrer ersten Bl\u00fctezeit w\u00e4hrend der Donaumonarchie. In der Universit\u00e4tsstadt vermischten sich polnische, ukrainische und \u00f6sterreichisch-deutsche Einfl\u00fcsse und machten sie zur Kulturhochburg mit einer \u00fcbernationalen Identit\u00e4t. Lwow wurde sie genannt, w\u00e4hrend der Schreckensherrschaft, w\u00e4hrend und nach dem Zweiten Weltkrieg, als beinahe die gesamte j\u00fcdische Einwohnerschaft durch den Nazi-Terror vertrieben wurde oder ihr Leben verlor. Lwiw heisst sie, seit sie 1991 Teil der unabh\u00e4ngigen Ukraine ist. Allein in den letzten hundert Jahren wechselte ein halbes Dutzend Mal die staatspolitische Zugeh\u00f6rigkeit. Mit ihr wandelten sich Bev\u00f6lkerung, Sprache und Kultur. Ganz eng mit dieser Geschichte verwoben ist jene von Hersch Lauterpacht. Als Jude war es ihm verwehrt, an der Universit\u00e4t Lemberg zu graduieren. Als junger Jus-Student emigrierte er deshalb 1919 nach Wien und sp\u00e4ter nach London. Dort wurde er zur pr\u00e4genden Figur des modernen V\u00f6lkerrechts. Von Lauterpacht stammt unter anderem den Begriff des \u2018Verbrechens gegen die Menschlichkeit\u2019. Lauterpacht hatte in Lemberg das Beste und das Schlechteste von Europa kennengelernt und er widmete fortan sein Leben dem Ausbau eines rechtlichen Rahmens f\u00fcr das Zusammenleben verschiedener V\u00f6lker, Kulturen und Religionen. Nach dem Zweiten Weltkrieg hat sich Europa mit der Entwicklung der Europ\u00e4ischen Union selber einen starken Rahmen f\u00fcr Frieden, Wohlstand und Stabilit\u00e4t geben.<\/p>\n\n\n\n<p>Die Schweiz liegt im Herzen von Europa. Von einem Schicksal, wie jenem Lwiws ist die Schweiz zum Gl\u00fcck verschont geblieben. Vielleicht auch deshalb wird der Wert guter Beziehungen mit Europa hier gerne untersch\u00e4tzt. Doch auch bei uns haben Einfl\u00fcsse aus allen Richtungen dieses Land \u00fcber die Jahrhunderte gepr\u00e4gt. Wir profitieren vom europ\u00e4ischen Binnenmarkt wie kein Staat in der EU. Das vorliegende Rahmenabkommen mit der EU wird von den meisten Parteien als l\u00e4stige Zwangsmassnahme, zugunsten k\u00fcnftiger Beziehung mit der EU gesehen. Das Abkommen ist f\u00fcr die Schweiz jedoch nicht einfach eine aufgezwungene Pflicht. Es garantiert auch f\u00fcr uns einen starken Rahmen f\u00fcr Stabilit\u00e4t und Wohlstand und erm\u00f6glicht \u00fcberhaupt erst, dass sich unsere guten partnerschaftlichen Beziehungen weiterentwickeln k\u00f6nnen. Ein Abkommen sch\u00fctzt auch uns vor Willk\u00fcr und Unfairness. Diese Chance sollten wir uns nicht entgehen lassen. Daf\u00fcr werde ich mich in der kommenden Legislatur einsetzen \u2013 im Nationalrat, und noch lieber nat\u00fcrlich: im St\u00e4nderat.<\/p>\n\n\n\n<div class=\"wp-block-image\"><figure class=\"aligncenter size-medium\"><img decoding=\"async\" loading=\"lazy\" width=\"300\" height=\"207\" src=\"http:\/\/www.kathrinbertschy.ch\/wordpress\/wp-content\/uploads\/2019\/08\/Lwiw-Schnitt-300x207.png\" alt=\"\" class=\"wp-image-454\" srcset=\"https:\/\/www.kathrinbertschy.ch\/wordpress\/wp-content\/uploads\/2019\/08\/Lwiw-Schnitt-300x207.png 300w, https:\/\/www.kathrinbertschy.ch\/wordpress\/wp-content\/uploads\/2019\/08\/Lwiw-Schnitt-768x530.png 768w, https:\/\/www.kathrinbertschy.ch\/wordpress\/wp-content\/uploads\/2019\/08\/Lwiw-Schnitt-1024x707.png 1024w, https:\/\/www.kathrinbertschy.ch\/wordpress\/wp-content\/uploads\/2019\/08\/Lwiw-Schnitt.png 1574w\" sizes=\"(max-width: 300px) 100vw, 300px\" \/><\/figure><\/div>\n","protected":false},"excerpt":{"rendered":"<p>Unsere Reise nach Bern neigt sich dem Ende zu. Der letzte Halt ist in Lwiw. Ein stolzer L\u00f6we ziert das Wappen der Unesco-Weltkulturerbe Stadt. Das Wappentier erinnert an die fr\u00fcheren &#8230;<\/p>\n","protected":false},"author":1,"featured_media":454,"comment_status":"closed","ping_status":"open","sticky":false,"template":"","format":"standard","meta":[],"categories":[12,11],"tags":[52,51,50],"_links":{"self":[{"href":"https:\/\/www.kathrinbertschy.ch\/index.php?rest_route=\/wp\/v2\/posts\/498"}],"collection":[{"href":"https:\/\/www.kathrinbertschy.ch\/index.php?rest_route=\/wp\/v2\/posts"}],"about":[{"href":"https:\/\/www.kathrinbertschy.ch\/index.php?rest_route=\/wp\/v2\/types\/post"}],"author":[{"embeddable":true,"href":"https:\/\/www.kathrinbertschy.ch\/index.php?rest_route=\/wp\/v2\/users\/1"}],"replies":[{"embeddable":true,"href":"https:\/\/www.kathrinbertschy.ch\/index.php?rest_route=%2Fwp%2Fv2%2Fcomments&post=498"}],"version-history":[{"count":1,"href":"https:\/\/www.kathrinbertschy.ch\/index.php?rest_route=\/wp\/v2\/posts\/498\/revisions"}],"predecessor-version":[{"id":499,"href":"https:\/\/www.kathrinbertschy.ch\/index.php?rest_route=\/wp\/v2\/posts\/498\/revisions\/499"}],"wp:featuredmedia":[{"embeddable":true,"href":"https:\/\/www.kathrinbertschy.ch\/index.php?rest_route=\/wp\/v2\/media\/454"}],"wp:attachment":[{"href":"https:\/\/www.kathrinbertschy.ch\/index.php?rest_route=%2Fwp%2Fv2%2Fmedia&parent=498"}],"wp:term":[{"taxonomy":"category","embeddable":true,"href":"https:\/\/www.kathrinbertschy.ch\/index.php?rest_route=%2Fwp%2Fv2%2Fcategories&post=498"},{"taxonomy":"post_tag","embeddable":true,"href":"https:\/\/www.kathrinbertschy.ch\/index.php?rest_route=%2Fwp%2Fv2%2Ftags&post=498"}],"curies":[{"name":"wp","href":"https:\/\/api.w.org\/{rel}","templated":true}]}}