{"id":494,"date":"2019-09-25T18:58:00","date_gmt":"2019-09-25T18:58:00","guid":{"rendered":"http:\/\/www.kathrinbertschy.ch\/?p=494"},"modified":"2020-03-11T19:06:45","modified_gmt":"2020-03-11T19:06:45","slug":"tag-55-tokio","status":"publish","type":"post","link":"https:\/\/www.kathrinbertschy.ch\/?p=494","title":{"rendered":"Tag 55, Tokio"},"content":{"rendered":"\n<p>Tokio: Hier im Land der aufgehenden Sonne ist man der westlichen Zeit immer ein paar Stunden voraus. W\u00e4hrend die Sonne bereits ihren H\u00f6chststand erreicht, setzt in der Schweiz erst die Morgend\u00e4mmerung ein. Die Japaner sind auch sonst oft der Zeit voraus: So er\u00f6ffneten sie mit dem Shinkansen 1964 den ersten Hochgeschwindigkeitszug und sie geh\u00f6ren zu den Pionieren der Robotik. Heute t\u00fcfteln Forschende an einem High-Tech Teddyb\u00e4r, welcher in Zukunft \u00e4lteren Menschen Gesellschaft und Pflegeleistungen in einem bieten soll. Das mutet futuristisch an. Doch bereits jetzt ist jede vierte Japanerin \u00e4lter als 65. Auch beim demographischen Wandel ist Japan der westlichen Zeit voraus. Und hier lohnt sich gerade aus der Schweiz der genaue Blick:<\/p>\n\n\n\n<p>Die japanische Altersvorsorge, die wie bei uns auf drei S\u00e4ulen beruht, geriet ob der \u00e4lter werdenden Gesellschaft sch\u00f6n l\u00e4nger aus den Fugen. Die Pensionskassen waren gezwungen, laufende Renten massiv zu k\u00fcrzen. Um die Verluste aufzufangen, arbeiten heute viele Japaner effektiv bis ins 70. Lebensalter, obwohl auch in Japan das offizielle Pensionsalter bei 65 liegt. Statt die Herausforderungen grunds\u00e4tzlich anzupacken, verkaufte die Politik kleine \u00abScheinreformen\u00bb als \u00abProbleml\u00f6sung\u00bb. Dieser Unwillen der Politik schuf nicht nur eine Verlierergeneration, sondern am Ende auch grossen Vertrauensverlust in die Politik.&nbsp;Die Schweiz folgt, wenn auch zeitverz\u00f6gert, Japan auf dem Weg des demographischen Wandels und offenbar folgen wir dabei auch der japanischen Politik der Scheinreformen.<\/p>\n\n\n\n<p>Der Reformstau ist enorm, seit \u00fcber 20 Jahren hat die Politik keine mehrheitsf\u00e4hige Reform der Altersvorsorge mehr zustande gebracht. Die heutigen Vorsorgeversprechen sind finanziell nicht mehr tragbar und wir wissen es seit langem. Weiterhin nichts zu tun ist keine M\u00f6glichkeit. Statt Probleme sch\u00f6nzureden und der n\u00e4chsten Generation Schulden zu vererben, sollten wir vom Beispiel Japan lernen und es besser machen. Indem wir die Altersvorsorge noch heute so erneuern, dass sie auch in\u00a0wirtschaftlich\u00a0schwierigen\u00a0Phasen stabil ist und in der zweiten S\u00e4ule nicht zu hohe Umverteilungseffekte zwischen den Generationen entstehen. Die Schweiz braucht einen neuen Generationenvertrag. Ich m\u00f6chte im St\u00e4nderat gerne meinen Teil dazu beitragen, diesen mehrheitsf\u00e4hig zu machen.<\/p>\n\n\n\n<div class=\"wp-block-image\"><figure class=\"aligncenter size-medium\"><img decoding=\"async\" loading=\"lazy\" width=\"300\" height=\"181\" src=\"http:\/\/www.kathrinbertschy.ch\/wordpress\/wp-content\/uploads\/2019\/08\/Tokio-Schnitt-300x181.png\" alt=\"\" class=\"wp-image-447\" srcset=\"https:\/\/www.kathrinbertschy.ch\/wordpress\/wp-content\/uploads\/2019\/08\/Tokio-Schnitt-300x181.png 300w, https:\/\/www.kathrinbertschy.ch\/wordpress\/wp-content\/uploads\/2019\/08\/Tokio-Schnitt-768x464.png 768w, https:\/\/www.kathrinbertschy.ch\/wordpress\/wp-content\/uploads\/2019\/08\/Tokio-Schnitt-1024x619.png 1024w, https:\/\/www.kathrinbertschy.ch\/wordpress\/wp-content\/uploads\/2019\/08\/Tokio-Schnitt.png 1621w\" sizes=\"(max-width: 300px) 100vw, 300px\" \/><\/figure><\/div>\n","protected":false},"excerpt":{"rendered":"<p>Tokio: Hier im Land der aufgehenden Sonne ist man der westlichen Zeit immer ein paar Stunden voraus. W\u00e4hrend die Sonne bereits ihren H\u00f6chststand erreicht, setzt in der Schweiz erst die &#8230;<\/p>\n","protected":false},"author":1,"featured_media":447,"comment_status":"closed","ping_status":"open","sticky":false,"template":"","format":"standard","meta":[],"categories":[12,11],"tags":[43,53],"_links":{"self":[{"href":"https:\/\/www.kathrinbertschy.ch\/index.php?rest_route=\/wp\/v2\/posts\/494"}],"collection":[{"href":"https:\/\/www.kathrinbertschy.ch\/index.php?rest_route=\/wp\/v2\/posts"}],"about":[{"href":"https:\/\/www.kathrinbertschy.ch\/index.php?rest_route=\/wp\/v2\/types\/post"}],"author":[{"embeddable":true,"href":"https:\/\/www.kathrinbertschy.ch\/index.php?rest_route=\/wp\/v2\/users\/1"}],"replies":[{"embeddable":true,"href":"https:\/\/www.kathrinbertschy.ch\/index.php?rest_route=%2Fwp%2Fv2%2Fcomments&post=494"}],"version-history":[{"count":1,"href":"https:\/\/www.kathrinbertschy.ch\/index.php?rest_route=\/wp\/v2\/posts\/494\/revisions"}],"predecessor-version":[{"id":495,"href":"https:\/\/www.kathrinbertschy.ch\/index.php?rest_route=\/wp\/v2\/posts\/494\/revisions\/495"}],"wp:featuredmedia":[{"embeddable":true,"href":"https:\/\/www.kathrinbertschy.ch\/index.php?rest_route=\/wp\/v2\/media\/447"}],"wp:attachment":[{"href":"https:\/\/www.kathrinbertschy.ch\/index.php?rest_route=%2Fwp%2Fv2%2Fmedia&parent=494"}],"wp:term":[{"taxonomy":"category","embeddable":true,"href":"https:\/\/www.kathrinbertschy.ch\/index.php?rest_route=%2Fwp%2Fv2%2Fcategories&post=494"},{"taxonomy":"post_tag","embeddable":true,"href":"https:\/\/www.kathrinbertschy.ch\/index.php?rest_route=%2Fwp%2Fv2%2Ftags&post=494"}],"curies":[{"name":"wp","href":"https:\/\/api.w.org\/{rel}","templated":true}]}}