{"id":491,"date":"2019-09-27T18:52:00","date_gmt":"2019-09-27T18:52:00","guid":{"rendered":"http:\/\/www.kathrinbertschy.ch\/?p=491"},"modified":"2020-03-11T18:57:38","modified_gmt":"2020-03-11T18:57:38","slug":"finanzhilfen-des-bundes-fuer-die-familienergaenzende-kinderbetreuung-direkt-fuer-die-verbilligung-der-kita-tarife-erwerbstaetiger-eltern-verwenden","status":"publish","type":"post","link":"https:\/\/www.kathrinbertschy.ch\/?p=491","title":{"rendered":"Finanzhilfen des Bundes f\u00fcr die familienerg\u00e4nzende Kinderbetreuung direkt f\u00fcr die Verbilligung der Kita-Tarife erwerbst\u00e4tiger Eltern verwenden"},"content":{"rendered":"\n<p>Der Bundesrat soll pr\u00fcfen und L\u00f6sungen vorschlagen, wie die Finanzhilfen des Bundes f\u00fcr die familienerg\u00e4nzende Kinderbetreuung in Zukunft direkt f\u00fcr die Verbilligung von Kita-Tarifen erwerbst\u00e4tiger Eltern verwendet werden k\u00f6nnen, wie das bei den erfolgreichen Gutscheinsystemen in den St\u00e4dten Bern und Luzern der Fall ist.<\/p>\n\n\n\n<!--more-->\n\n\n\n<p>Der Bund leistet heute \u00fcber ein Impulsprogramm Finanzhilfen f\u00fcr familienerg\u00e4nzende Kinderbetreuung. Diese fliessen zu einem massgeblichen Teil direkt an Kindertagesst\u00e4tten (Objektfinanzierung) oder an Kantone und Gemeinden. Das ist mit einem hohen b\u00fcrokratischen Aufwand verbunden. Viele Kantone und Gemeinden verzichten deshalb sogar darauf, die Unterst\u00fctzung in Anspruch zu nehmen. Auch weil das heutige System des Bundes dem f\u00f6deralistischen System der Schweiz nicht gerecht wird (vgl. bspw. &#8220;Tages-Anzeiger&#8221; vom 27. August 2019: &#8220;<a href=\"https:\/\/www.tagesanzeiger.ch\/schweiz\/standard\/millionen-fuer-krippen-bleiben-liegen\/story\/13872785\" target=\"_blank\" rel=\"noreferrer noopener\" aria-label=\"100 Millionen sind f\u00fcr Krippen bereit - und fast niemand holt sie ab (\u00f6ffnet in neuem Tab)\">100 Millionen sind f\u00fcr Krippen bereit &#8211; und fast niemand holt sie ab<\/a>&#8220;).<\/p>\n\n\n\n<p>Dabei liegen effizientere Alternativen auf dem Tisch. Die St\u00e4dte Luzern und Bern haben bspw. bereits vor Jahren von einer Objekt- zu einer Subjektfinanzierung gewechselt. Das heisst, nicht mehr Kindertagesst\u00e4tten, sondern die Eltern erhalten direkt Unterst\u00fctzungsbeitr\u00e4ge. Das erm\u00f6glicht eine gezieltere, effizientere und transparentere Unterst\u00fctzung der Familien. Gleichzeitig schafft es einen fairen Wettbewerb zwischen den Kindertagesst\u00e4tten, da nicht mehr der Staat, sondern die Eltern als Kundinnen und Kunden entscheiden, welche Kitas unterst\u00fctzt werden sollen.<\/p>\n\n\n\n<p>Der Erfolg in der Stadt Bern belegt den Erfolg dieses Systems eindr\u00fccklich. Schon kurz nach der Einf\u00fchrung des neuen Systems sind mehr Kindertagesst\u00e4tten entstanden, es wurden mehr Pl\u00e4tze angeboten, und mehr Eltern k\u00f6nnen von Verg\u00fcnstigungen profitieren. Die Zeiten der riesigen Wartelisten sind endlich vorbei. Aus diesem Grund wechselt nun der ganze Kanton Bern das System.<\/p>\n\n\n\n<p>Statt in ein b\u00fcrokratisches System sollte auch der Bund die Gelder f\u00fcr die familienerg\u00e4nzende Kinderbetreuung so effizient wie m\u00f6glich einsetzen &#8211; und diese wenn immer m\u00f6glich direkt den Eltern zukommen lassen. Selbstverst\u00e4ndlich stellen sich dabei Fragen, insbesondere wie man der Kantons- und Gemeindeautonomie dabei Rechnung tragen kann (was beim heutigen System offensichtlich nicht der Fall ist). Genau dies soll der Bundesrat in einem Bericht mit konkreten L\u00f6sungsvorschl\u00e4gen darlegen.<\/p>\n\n\n\n<div class=\"wp-block-button aligncenter\"><a class=\"wp-block-button__link has-background\" href=\"https:\/\/www.parlament.ch\/de\/ratsbetrieb\/suche-curia-vista\/geschaeft?AffairId=20194343\" style=\"background-color:#b4dc00\">Verfolge den Vorstoss auf der Website des Parlaments<\/a><\/div>\n","protected":false},"excerpt":{"rendered":"<p>Der Bundesrat soll pr\u00fcfen und L\u00f6sungen vorschlagen, wie die Finanzhilfen des Bundes f\u00fcr die familienerg\u00e4nzende Kinderbetreuung in Zukunft direkt f\u00fcr die Verbilligung von Kita-Tarifen erwerbst\u00e4tiger Eltern verwendet werden k\u00f6nnen, wie &#8230;<\/p>\n","protected":false},"author":1,"featured_media":492,"comment_status":"closed","ping_status":"open","sticky":false,"template":"","format":"standard","meta":[],"categories":[27,37],"tags":[42,38,41],"_links":{"self":[{"href":"https:\/\/www.kathrinbertschy.ch\/index.php?rest_route=\/wp\/v2\/posts\/491"}],"collection":[{"href":"https:\/\/www.kathrinbertschy.ch\/index.php?rest_route=\/wp\/v2\/posts"}],"about":[{"href":"https:\/\/www.kathrinbertschy.ch\/index.php?rest_route=\/wp\/v2\/types\/post"}],"author":[{"embeddable":true,"href":"https:\/\/www.kathrinbertschy.ch\/index.php?rest_route=\/wp\/v2\/users\/1"}],"replies":[{"embeddable":true,"href":"https:\/\/www.kathrinbertschy.ch\/index.php?rest_route=%2Fwp%2Fv2%2Fcomments&post=491"}],"version-history":[{"count":1,"href":"https:\/\/www.kathrinbertschy.ch\/index.php?rest_route=\/wp\/v2\/posts\/491\/revisions"}],"predecessor-version":[{"id":493,"href":"https:\/\/www.kathrinbertschy.ch\/index.php?rest_route=\/wp\/v2\/posts\/491\/revisions\/493"}],"wp:featuredmedia":[{"embeddable":true,"href":"https:\/\/www.kathrinbertschy.ch\/index.php?rest_route=\/wp\/v2\/media\/492"}],"wp:attachment":[{"href":"https:\/\/www.kathrinbertschy.ch\/index.php?rest_route=%2Fwp%2Fv2%2Fmedia&parent=491"}],"wp:term":[{"taxonomy":"category","embeddable":true,"href":"https:\/\/www.kathrinbertschy.ch\/index.php?rest_route=%2Fwp%2Fv2%2Fcategories&post=491"},{"taxonomy":"post_tag","embeddable":true,"href":"https:\/\/www.kathrinbertschy.ch\/index.php?rest_route=%2Fwp%2Fv2%2Ftags&post=491"}],"curies":[{"name":"wp","href":"https:\/\/api.w.org\/{rel}","templated":true}]}}