{"id":489,"date":"2019-09-12T18:47:37","date_gmt":"2019-09-12T18:47:37","guid":{"rendered":"http:\/\/www.kathrinbertschy.ch\/?p=489"},"modified":"2020-03-12T15:42:53","modified_gmt":"2020-03-12T15:42:53","slug":"tag-42-bogota","status":"publish","type":"post","link":"https:\/\/www.kathrinbertschy.ch\/?p=489","title":{"rendered":"Tag 42, Bogot\u00e0"},"content":{"rendered":"\n<p>Bogot\u00e1: In den Strassen der kolumbianischen Metropole spielt die Musik. Cumbia gibt den Ton an. Karibische Trommeln, indianische Fl\u00f6ten und spanische Akkordeons vermischen sich mit afrikanischen Rhythmen zu einem eing\u00e4ngigen Tanz. So wird es auch geklungen haben, als sich Gonzalo und Carlos am 24. Juli 2013 in Bogot\u00e1 das Ja-Wort gaben.<\/p>\n\n\n\n<p>Die beiden haben als erstes gleichgeschlechtliches Paar in Kolumbien die zivile Ehe geschlossen. M\u00f6glich machte das ein Verfassungsgerichtsentscheid, der das Parlament 2011 verpflichtete, innert zwei Jahren ein Gesetz zur Ehe\u00f6ffnung zu verabschieden. Seither geben sich j\u00e4hrlich hunderte Paare das Ja-Wort. Und, wie es sich f\u00fcr einen demokratischen Rechtsstaat geh\u00f6rt, gesteht ihnen der kolumbianische Staat die gleichen Rechte und Pflichten wie allen Ehepaaren zu.<\/p>\n\n\n\n<p>Was zahlreiche L\u00e4nder mit einem vermeintlich konservativen Familienbild l\u00e4ngst errungen haben, ist in der Schweiz von 2019 noch immer keine Realit\u00e4t: Die zivile Ehe f\u00fcr gleichgeschlechtliche Paare. Dies obwohl die Verfassung \u2013 \u00aballe Menschen sind vor dem Gesetz gleich (art. 3)\u00bb \u2013 eigentlich unmissverst\u00e4ndlich ist.<\/p>\n\n\n\n<p>Die Schweiz beruft sich gerne auf Demokratie und Rechtsstaat, doch bei er Verwirklichung gleicher Rechte wird seit Jahren auf Zeit gespielt. Sechs Jahre ist es nun schon her, seit ich die parlamentarische Initiative \u00abEhe f\u00fcr alle\u00bb eingereicht habe. Die Kommission hat abgekl\u00e4rt, ausf\u00fchrlich debattiert, zugestimmt und vor allem immer wieder verz\u00f6gert. Der Gesetzestext steht l\u00e4ngst, doch die Abstimmung dar\u00fcber, wird nun in die dritte Legislatur verschoben.<\/p>\n\n\n\n<p>Mit deiner Wahl am 20. Oktober kannst du bestimmen, welche Musik im n\u00e4chsten Parlament gespielt wird. Mit deiner Unterst\u00fctzung auf meiner Reise nach Bern, nehmen wir den Sound von Bogot\u00e1 mit und realisieren endlich einen diskriminierungsfreien Rechtsstaat.<\/p>\n\n\n\n<div class=\"wp-block-image\"><figure class=\"aligncenter size-medium\"><img decoding=\"async\" loading=\"lazy\" width=\"300\" height=\"223\" src=\"http:\/\/www.kathrinbertschy.ch\/wordpress\/wp-content\/uploads\/2019\/08\/Kolumbien-Schnitt-300x223.png\" alt=\"\" class=\"wp-image-445\" srcset=\"https:\/\/www.kathrinbertschy.ch\/wordpress\/wp-content\/uploads\/2019\/08\/Kolumbien-Schnitt-300x223.png 300w, https:\/\/www.kathrinbertschy.ch\/wordpress\/wp-content\/uploads\/2019\/08\/Kolumbien-Schnitt-768x571.png 768w, https:\/\/www.kathrinbertschy.ch\/wordpress\/wp-content\/uploads\/2019\/08\/Kolumbien-Schnitt-1024x761.png 1024w, https:\/\/www.kathrinbertschy.ch\/wordpress\/wp-content\/uploads\/2019\/08\/Kolumbien-Schnitt.png 1598w\" sizes=\"(max-width: 300px) 100vw, 300px\" \/><\/figure><\/div>\n","protected":false},"excerpt":{"rendered":"<p>Bogot\u00e1: In den Strassen der kolumbianischen Metropole spielt die Musik. Cumbia gibt den Ton an. Karibische Trommeln, indianische Fl\u00f6ten und spanische Akkordeons vermischen sich mit afrikanischen Rhythmen zu einem eing\u00e4ngigen &#8230;<\/p>\n","protected":false},"author":1,"featured_media":445,"comment_status":"closed","ping_status":"open","sticky":false,"template":"","format":"standard","meta":[],"categories":[12,11],"tags":[36,54,64],"_links":{"self":[{"href":"https:\/\/www.kathrinbertschy.ch\/index.php?rest_route=\/wp\/v2\/posts\/489"}],"collection":[{"href":"https:\/\/www.kathrinbertschy.ch\/index.php?rest_route=\/wp\/v2\/posts"}],"about":[{"href":"https:\/\/www.kathrinbertschy.ch\/index.php?rest_route=\/wp\/v2\/types\/post"}],"author":[{"embeddable":true,"href":"https:\/\/www.kathrinbertschy.ch\/index.php?rest_route=\/wp\/v2\/users\/1"}],"replies":[{"embeddable":true,"href":"https:\/\/www.kathrinbertschy.ch\/index.php?rest_route=%2Fwp%2Fv2%2Fcomments&post=489"}],"version-history":[{"count":1,"href":"https:\/\/www.kathrinbertschy.ch\/index.php?rest_route=\/wp\/v2\/posts\/489\/revisions"}],"predecessor-version":[{"id":490,"href":"https:\/\/www.kathrinbertschy.ch\/index.php?rest_route=\/wp\/v2\/posts\/489\/revisions\/490"}],"wp:featuredmedia":[{"embeddable":true,"href":"https:\/\/www.kathrinbertschy.ch\/index.php?rest_route=\/wp\/v2\/media\/445"}],"wp:attachment":[{"href":"https:\/\/www.kathrinbertschy.ch\/index.php?rest_route=%2Fwp%2Fv2%2Fmedia&parent=489"}],"wp:term":[{"taxonomy":"category","embeddable":true,"href":"https:\/\/www.kathrinbertschy.ch\/index.php?rest_route=%2Fwp%2Fv2%2Fcategories&post=489"},{"taxonomy":"post_tag","embeddable":true,"href":"https:\/\/www.kathrinbertschy.ch\/index.php?rest_route=%2Fwp%2Fv2%2Ftags&post=489"}],"curies":[{"name":"wp","href":"https:\/\/api.w.org\/{rel}","templated":true}]}}