{"id":487,"date":"2019-09-02T18:44:24","date_gmt":"2019-09-02T18:44:24","guid":{"rendered":"http:\/\/www.kathrinbertschy.ch\/?p=487"},"modified":"2020-03-11T19:07:05","modified_gmt":"2020-03-11T19:07:05","slug":"tag-32-new-york","status":"publish","type":"post","link":"https:\/\/www.kathrinbertschy.ch\/?p=487","title":{"rendered":"Tag 32, New York"},"content":{"rendered":"\n<p>New York ist der n\u00e4chste Halt unserer Reise nach Bern. Generationen von Auswanderern aus allen L\u00e4ndern der Welt sind hierhergekommen \u2013 &nbsp;in der Hoffnung, ihren Kindern ein besseres Leben in Freiheit und Selbstbestimmung zu erm\u00f6glichen. Von Generation zu Generation entstand so stets neue Hoffnung. Doch heute droht durch unsere Unt\u00e4tigkeit die n\u00e4chste Generation erstmals die Grundlage dieser Hoffnung zu verlieren.<\/p>\n\n\n\n<p>Wie viele wissen, treffen sich hier in New York am 23. September die vereinten Nationen zum Klimagipfel. Das \u00dcbereinkommen von Paris muss endlich mit konkreten Massnahmen erweitert werden, damit wir eine Chance haben, die Erderw\u00e4rmung auf h\u00f6chstens 1,5 Grad zu begrenzen.<\/p>\n\n\n\n<p>Es braucht daf\u00fcr Anstrengungen, zweifelsohne. Es ist aber keine Hexerei. Bis 2030 muss der Ausstoss von Treibhausgasen auf 50 Prozent unter das Niveau von 2010 gesenkt werden, bis 2050 der Netto-CO2-Ausstoss null sein. Doch was tut die Schweiz? Letzten Dezember ist im Nationalrat ein neues CO2-Gesetz misslungen, weil die rechtsb\u00fcrgerliche Mehrheit verantwortungslos s\u00e4mtliche Massnahmen daraus entfernt hat. Doch es liegt in unserer Verantwortung, zu handeln.<\/p>\n\n\n\n<p>Die Schweiz kann der Welt zeigen, wie eine nachhaltige Energieversorgung geht. \u00dcbernehmen wir mit unserem Erfindergeist eine Vorreiterrolle. So, dass klimafreundliche Technologien von hier in die Welt auswandern. Wie das geht, zeigt <a href=\"https:\/\/grunliberale.ch\/aktuell\/media\/mediadetail~f9c2432a-5ff3-4669-a47c-5e04bf0e81aa~DV-24.08.2019-Strategie-Cool-Down-2040~\" target=\"_blank\" rel=\"noreferrer noopener\" aria-label=\"die Cool-Down Strategie der Gr\u00fcnliberalen (\u00f6ffnet in neuem Tab)\">die Cool-Down Strategie der Gr\u00fcnliberalen<\/a>.<\/p>\n\n\n\n<p>Nur mit deiner Unterst\u00fctzung, mit deiner Wahl am 20. Oktober erh\u00e4lt die Schweiz ein neues Parlament, welches ein ambitioniertes CO2-Gesetz beschliessen wird. Ein Parlament, welches seine Verantwortung wahrnimmt und die Zerst\u00f6rung der Lebensgrundlagen stoppt. Damit wir auch f\u00fcr die Generation unserer Kinder die Grundlage f\u00fcr ein Leben in Freiheit und Selbstbestimmung schaffen.<\/p>\n\n\n\n<div class=\"wp-block-image\"><figure class=\"aligncenter size-medium\"><img decoding=\"async\" loading=\"lazy\" width=\"300\" height=\"189\" src=\"http:\/\/www.kathrinbertschy.ch\/wordpress\/wp-content\/uploads\/2019\/08\/New-York-schnitt-300x189.png\" alt=\"\" class=\"wp-image-442\" srcset=\"https:\/\/www.kathrinbertschy.ch\/wordpress\/wp-content\/uploads\/2019\/08\/New-York-schnitt-300x189.png 300w, https:\/\/www.kathrinbertschy.ch\/wordpress\/wp-content\/uploads\/2019\/08\/New-York-schnitt-768x483.png 768w, https:\/\/www.kathrinbertschy.ch\/wordpress\/wp-content\/uploads\/2019\/08\/New-York-schnitt-1024x644.png 1024w, https:\/\/www.kathrinbertschy.ch\/wordpress\/wp-content\/uploads\/2019\/08\/New-York-schnitt-480x300.png 480w, https:\/\/www.kathrinbertschy.ch\/wordpress\/wp-content\/uploads\/2019\/08\/New-York-schnitt-640x400.png 640w, https:\/\/www.kathrinbertschy.ch\/wordpress\/wp-content\/uploads\/2019\/08\/New-York-schnitt.png 1583w\" sizes=\"(max-width: 300px) 100vw, 300px\" \/><\/figure><\/div>\n","protected":false},"excerpt":{"rendered":"<p>New York ist der n\u00e4chste Halt unserer Reise nach Bern. Generationen von Auswanderern aus allen L\u00e4ndern der Welt sind hierhergekommen \u2013 &nbsp;in der Hoffnung, ihren Kindern ein besseres Leben in &#8230;<\/p>\n","protected":false},"author":1,"featured_media":442,"comment_status":"closed","ping_status":"open","sticky":false,"template":"","format":"standard","meta":[],"categories":[12,11],"tags":[32,29],"_links":{"self":[{"href":"https:\/\/www.kathrinbertschy.ch\/index.php?rest_route=\/wp\/v2\/posts\/487"}],"collection":[{"href":"https:\/\/www.kathrinbertschy.ch\/index.php?rest_route=\/wp\/v2\/posts"}],"about":[{"href":"https:\/\/www.kathrinbertschy.ch\/index.php?rest_route=\/wp\/v2\/types\/post"}],"author":[{"embeddable":true,"href":"https:\/\/www.kathrinbertschy.ch\/index.php?rest_route=\/wp\/v2\/users\/1"}],"replies":[{"embeddable":true,"href":"https:\/\/www.kathrinbertschy.ch\/index.php?rest_route=%2Fwp%2Fv2%2Fcomments&post=487"}],"version-history":[{"count":1,"href":"https:\/\/www.kathrinbertschy.ch\/index.php?rest_route=\/wp\/v2\/posts\/487\/revisions"}],"predecessor-version":[{"id":488,"href":"https:\/\/www.kathrinbertschy.ch\/index.php?rest_route=\/wp\/v2\/posts\/487\/revisions\/488"}],"wp:featuredmedia":[{"embeddable":true,"href":"https:\/\/www.kathrinbertschy.ch\/index.php?rest_route=\/wp\/v2\/media\/442"}],"wp:attachment":[{"href":"https:\/\/www.kathrinbertschy.ch\/index.php?rest_route=%2Fwp%2Fv2%2Fmedia&parent=487"}],"wp:term":[{"taxonomy":"category","embeddable":true,"href":"https:\/\/www.kathrinbertschy.ch\/index.php?rest_route=%2Fwp%2Fv2%2Fcategories&post=487"},{"taxonomy":"post_tag","embeddable":true,"href":"https:\/\/www.kathrinbertschy.ch\/index.php?rest_route=%2Fwp%2Fv2%2Ftags&post=487"}],"curies":[{"name":"wp","href":"https:\/\/api.w.org\/{rel}","templated":true}]}}