{"id":474,"date":"2019-08-14T16:01:00","date_gmt":"2019-08-14T16:01:00","guid":{"rendered":"http:\/\/www.kathrinbertschy.ch\/?p=474"},"modified":"2020-03-11T16:03:21","modified_gmt":"2020-03-11T16:03:21","slug":"tag-13-lissabon","status":"publish","type":"post","link":"https:\/\/www.kathrinbertschy.ch\/?p=474","title":{"rendered":"Tag 13, Lissabon"},"content":{"rendered":"\n<p>Lissabon ist die n\u00e4chste Station unserer Reise nach Bundesbern. Wer die Stadt erkunden will, kann das gechillt mit der Carreira 28E tun \u2013 der Strassenbahn, welche die Stadtteile Alfa, Baixa und Lapa verbindet und ganz ohne Zahnr\u00e4der eine der weltweit steilsten Steigungen von 13.5% bew\u00e4ltigt.<\/p>\n\n\n\n<p>Gechillt, aber wegweisend ist auch die Drogenpolitik Portugals. Bereits 2001 wurde der Besitz und Konsum von Cannabis, aber auch von harten Drogen wie Heroin und Kokain entkriminalisiert. Das Land setzt auf Pr\u00e4vention statt Repression \u2013 zust\u00e4ndig ist das Gesundheitsministerium, nicht die Justiz. Suchtkranke werden nicht kriminalisiert, sie erhalten Behandlung. Gerade bei Jugendlichen verlief der Konsum stark r\u00fcckl\u00e4ufig, weil der Schwarzmarkt verschwand. Kritiker sind ab den gesundheitspolitischen Erfolgen verstummt.<\/p>\n\n\n\n<p>Und was tut die Schweiz? Sie erlaubt noch nicht einmal ein engmaschig begleitetes Experiment mit kontrollierter Abgabe, um genauer zu erforschen, wie sich Cannabis auf die Gesundheit auswirkt. Dies, obwohl 45\u2019000 Menschen j\u00e4hrlich wegen Cannabiskonsum verzeigt werden, der Konsum nicht sinkt und wir Steuergelder f\u00fcr Polizeikr\u00e4fte binden, die besser in Gesundheit und Pr\u00e4vention investiert w\u00e4ren.<\/p>\n\n\n\n<p>Aus meiner Sicht ist klar: Cannabis muss legalisiert, dem Schwarzmarkt entzogen, reguliert und besteuert werden \u2013 so wie Nikotin und Alkohol. Jugendliche k\u00f6nnen in einem regulierten Markt besser gesch\u00fctzt werden. Zwei Drittel der Schweizer Bev\u00f6lkerung sehen das ebenso wie die Portugiesen und auch ich engagiere mich daf\u00fcr: Mit meiner Motion, in der Kommission und mit deiner Unterst\u00fctzung weiterhin im Bundeshaus.<\/p>\n\n\n\n<div class=\"wp-block-image\"><figure class=\"aligncenter size-medium\"><img decoding=\"async\" loading=\"lazy\" width=\"300\" height=\"186\" src=\"http:\/\/www.kathrinbertschy.ch\/wordpress\/wp-content\/uploads\/2019\/08\/Lissabon-Schnitt-300x186.png\" alt=\"\" class=\"wp-image-437\"\/><\/figure><\/div>\n","protected":false},"excerpt":{"rendered":"<p>Lissabon ist die n\u00e4chste Station unserer Reise nach Bundesbern. Wer die Stadt erkunden will, kann das gechillt mit der Carreira 28E tun \u2013 der Strassenbahn, welche die Stadtteile Alfa, Baixa &#8230;<\/p>\n","protected":false},"author":1,"featured_media":437,"comment_status":"closed","ping_status":"open","sticky":false,"template":"","format":"standard","meta":[],"categories":[12,11],"tags":[19,21],"_links":{"self":[{"href":"https:\/\/www.kathrinbertschy.ch\/index.php?rest_route=\/wp\/v2\/posts\/474"}],"collection":[{"href":"https:\/\/www.kathrinbertschy.ch\/index.php?rest_route=\/wp\/v2\/posts"}],"about":[{"href":"https:\/\/www.kathrinbertschy.ch\/index.php?rest_route=\/wp\/v2\/types\/post"}],"author":[{"embeddable":true,"href":"https:\/\/www.kathrinbertschy.ch\/index.php?rest_route=\/wp\/v2\/users\/1"}],"replies":[{"embeddable":true,"href":"https:\/\/www.kathrinbertschy.ch\/index.php?rest_route=%2Fwp%2Fv2%2Fcomments&post=474"}],"version-history":[{"count":1,"href":"https:\/\/www.kathrinbertschy.ch\/index.php?rest_route=\/wp\/v2\/posts\/474\/revisions"}],"predecessor-version":[{"id":475,"href":"https:\/\/www.kathrinbertschy.ch\/index.php?rest_route=\/wp\/v2\/posts\/474\/revisions\/475"}],"wp:featuredmedia":[{"embeddable":true,"href":"https:\/\/www.kathrinbertschy.ch\/index.php?rest_route=\/wp\/v2\/media\/437"}],"wp:attachment":[{"href":"https:\/\/www.kathrinbertschy.ch\/index.php?rest_route=%2Fwp%2Fv2%2Fmedia&parent=474"}],"wp:term":[{"taxonomy":"category","embeddable":true,"href":"https:\/\/www.kathrinbertschy.ch\/index.php?rest_route=%2Fwp%2Fv2%2Fcategories&post=474"},{"taxonomy":"post_tag","embeddable":true,"href":"https:\/\/www.kathrinbertschy.ch\/index.php?rest_route=%2Fwp%2Fv2%2Ftags&post=474"}],"curies":[{"name":"wp","href":"https:\/\/api.w.org\/{rel}","templated":true}]}}