{"id":469,"date":"2019-08-05T15:57:28","date_gmt":"2019-08-05T15:57:28","guid":{"rendered":"http:\/\/www.kathrinbertschy.ch\/?p=469"},"modified":"2020-03-11T19:07:16","modified_gmt":"2020-03-11T19:07:16","slug":"tag-5-paris","status":"publish","type":"post","link":"https:\/\/www.kathrinbertschy.ch\/?p=469","title":{"rendered":"Tag 5, Paris"},"content":{"rendered":"\n<p>Paris ist der erste Halt auf unserer Reise vom Breitenrain ins Bundeshaus. Wer kennt sie nicht, die weltber\u00fchmte Mona Lisa mit Sitz im Louvre?<\/p>\n\n\n\n<p>Auch Sitz in Paris hat die OECD, die internationale Organisation f\u00fcr Zusammenarbeit und Entwicklung. Die Organisation lobt die Schweiz f\u00fcr vieles und sieht doch ein gravierendes Defizit: Sehr viele, sehr gut ausgebildete Frauen arbeiten in kleinen Teilzeitpensen oder haben sich ganz aus dem Berufsleben zur\u00fcckgezogen. Laut OECD verliert die Schweiz dadurch ein BIP-Wachstumspotenzial von bis zu 3%. F\u00fcr das n\u00fcchterne Wirtschaftsgremium ist klar, was es braucht:&nbsp; fl\u00e4chendeckende Tagesstrukturen an den Schulen, bezahlbare Kinderbetreuungspl\u00e4tze und eine Individualbesteuerung. Diese drei Faktoren sind entscheidend, denn die heutigen Bedingungen wirken sich h\u00f6chst demotivierend f\u00fcr Zweitverdienende aus \u2013 und das sind meist die Frauen.<\/p>\n\n\n\n<p>Mich weiter f\u00fcr diese Anliegen einsetzen zu k\u00f6nnen, ist eine wichtige Motivation f\u00fcr die Reise ins Bundeshaus. Zusammen mit den Angestelltenverb\u00e4nden \u00abder Plattform\u00bb, Avenir Suisse und der M\u00fcller-M\u00f6hl Foundation habe ich in diesem Fr\u00fchjahr als Co-Pr\u00e4sidentin der alliance F eine wissenschaftliche Studie angestossen. Sie zeigt auf, dass eine modifizierte Individualbesteuerung bis zu zus\u00e4tzliche 60\u2019000 Besch\u00e4ftigte in den Arbeitsmarkt bringen k\u00f6nnte. Es ist das beste Mittel gegen den Fachkr\u00e4ftemangel und f\u00fcr mehr Chancengleichheit von Frau und Mann im Erwerbsleben.<\/p>\n\n\n\n<p>Mit den richtigen Mehrheiten im Parlament k\u00f6nnen wir dieses Ziel in der n\u00e4chsten Legislatur anpacken. Diese Chance sollten wir nutzen.<\/p>\n\n\n\n<div class=\"wp-block-image\"><figure class=\"aligncenter size-medium\"><img decoding=\"async\" loading=\"lazy\" width=\"300\" height=\"191\" src=\"http:\/\/www.kathrinbertschy.ch\/wordpress\/wp-content\/uploads\/2019\/08\/Mona-Lisa-Schnitt-300x191.png\" alt=\"\" class=\"wp-image-409\"\/><\/figure><\/div>\n","protected":false},"excerpt":{"rendered":"<p>Paris ist der erste Halt auf unserer Reise vom Breitenrain ins Bundeshaus. Wer kennt sie nicht, die weltber\u00fchmte Mona Lisa mit Sitz im Louvre? Auch Sitz in Paris hat die &#8230;<\/p>\n","protected":false},"author":1,"featured_media":409,"comment_status":"closed","ping_status":"open","sticky":false,"template":"","format":"standard","meta":[],"categories":[12,11],"tags":[55,18],"_links":{"self":[{"href":"https:\/\/www.kathrinbertschy.ch\/index.php?rest_route=\/wp\/v2\/posts\/469"}],"collection":[{"href":"https:\/\/www.kathrinbertschy.ch\/index.php?rest_route=\/wp\/v2\/posts"}],"about":[{"href":"https:\/\/www.kathrinbertschy.ch\/index.php?rest_route=\/wp\/v2\/types\/post"}],"author":[{"embeddable":true,"href":"https:\/\/www.kathrinbertschy.ch\/index.php?rest_route=\/wp\/v2\/users\/1"}],"replies":[{"embeddable":true,"href":"https:\/\/www.kathrinbertschy.ch\/index.php?rest_route=%2Fwp%2Fv2%2Fcomments&post=469"}],"version-history":[{"count":3,"href":"https:\/\/www.kathrinbertschy.ch\/index.php?rest_route=\/wp\/v2\/posts\/469\/revisions"}],"predecessor-version":[{"id":473,"href":"https:\/\/www.kathrinbertschy.ch\/index.php?rest_route=\/wp\/v2\/posts\/469\/revisions\/473"}],"wp:featuredmedia":[{"embeddable":true,"href":"https:\/\/www.kathrinbertschy.ch\/index.php?rest_route=\/wp\/v2\/media\/409"}],"wp:attachment":[{"href":"https:\/\/www.kathrinbertschy.ch\/index.php?rest_route=%2Fwp%2Fv2%2Fmedia&parent=469"}],"wp:term":[{"taxonomy":"category","embeddable":true,"href":"https:\/\/www.kathrinbertschy.ch\/index.php?rest_route=%2Fwp%2Fv2%2Fcategories&post=469"},{"taxonomy":"post_tag","embeddable":true,"href":"https:\/\/www.kathrinbertschy.ch\/index.php?rest_route=%2Fwp%2Fv2%2Ftags&post=469"}],"curies":[{"name":"wp","href":"https:\/\/api.w.org\/{rel}","templated":true}]}}