{"id":465,"date":"2019-08-02T15:52:23","date_gmt":"2019-08-02T15:52:23","guid":{"rendered":"http:\/\/www.kathrinbertschy.ch\/?p=465"},"modified":"2020-03-11T15:56:06","modified_gmt":"2020-03-11T15:56:06","slug":"in-80-tagen-um-die-welt","status":"publish","type":"post","link":"https:\/\/www.kathrinbertschy.ch\/?p=465","title":{"rendered":"In 80 Tagen um die Welt"},"content":{"rendered":"\n<p>Vom Breitenrain ins Bundeshaus ist es nur ein kurzer Weg, doch manchmal ist es eine lange Reise. Selten waren die Voraussetzungen f\u00fcr neue, progressive Mehrheiten in der Schweizer Politik so gut wie heute. In den vergangenen acht Jahren habe ich mich im Nationalrat f\u00fcr diese Erneuerung eingesetzt. Die Arbeit beginnt Fr\u00fcchte zu tragen, aber sie ist noch nicht getan.<\/p>\n\n\n\n<p>Heute sind es noch genau 80 Tage bis zu den nationalen Wahlen. 80 Tage sind kurz, aber bekanntlich lassen sich in dieser Zeitspanne auch grosse Reisen unternehmen. Mit Dir zusammen kann es gelingen, einer Politik zum Durchbruch zu verhelfen, die dringende Reformen f\u00fcr unser gesellschaftliches Zusammenleben endlich erm\u00f6glicht. Die die Zusammenarbeit mit der EU auf ein solides Fundament stellt. Und eine Umweltpolitik erm\u00f6glicht, die unseren Lebensgrundlagen Sorge tr\u00e4gt und das Klima sch\u00fctzt.<\/p>\n\n\n\n<p>Ich mache mich auf die Reise und kandidiere wieder f\u00fcr den Nationalrat und bewerbe mich f\u00fcr einen der beiden Berner Sitze im St\u00e4nderat.<\/p>\n\n\n\n<p><a href=\"https:\/\/forms.gle\/qk6js293QRqiMV4m9\" target=\"_blank\" rel=\"noreferrer noopener\">Kommst Du mit auf diese Reise?<\/a><\/p>\n\n\n\n<p>Ich freue mich!<\/p>\n\n\n\n<p>Herzliche Gr\u00fcsse,<br>Kathrin Bertschy<\/p>\n","protected":false},"excerpt":{"rendered":"<p>Vom Breitenrain ins Bundeshaus ist es nur ein kurzer Weg, doch manchmal ist es eine lange Reise. Selten waren die Voraussetzungen f\u00fcr neue, progressive Mehrheiten in der Schweizer Politik so &#8230;<\/p>\n","protected":false},"author":1,"featured_media":412,"comment_status":"closed","ping_status":"open","sticky":false,"template":"","format":"standard","meta":[],"categories":[12,11],"tags":[],"_links":{"self":[{"href":"https:\/\/www.kathrinbertschy.ch\/index.php?rest_route=\/wp\/v2\/posts\/465"}],"collection":[{"href":"https:\/\/www.kathrinbertschy.ch\/index.php?rest_route=\/wp\/v2\/posts"}],"about":[{"href":"https:\/\/www.kathrinbertschy.ch\/index.php?rest_route=\/wp\/v2\/types\/post"}],"author":[{"embeddable":true,"href":"https:\/\/www.kathrinbertschy.ch\/index.php?rest_route=\/wp\/v2\/users\/1"}],"replies":[{"embeddable":true,"href":"https:\/\/www.kathrinbertschy.ch\/index.php?rest_route=%2Fwp%2Fv2%2Fcomments&post=465"}],"version-history":[{"count":1,"href":"https:\/\/www.kathrinbertschy.ch\/index.php?rest_route=\/wp\/v2\/posts\/465\/revisions"}],"predecessor-version":[{"id":466,"href":"https:\/\/www.kathrinbertschy.ch\/index.php?rest_route=\/wp\/v2\/posts\/465\/revisions\/466"}],"wp:featuredmedia":[{"embeddable":true,"href":"https:\/\/www.kathrinbertschy.ch\/index.php?rest_route=\/wp\/v2\/media\/412"}],"wp:attachment":[{"href":"https:\/\/www.kathrinbertschy.ch\/index.php?rest_route=%2Fwp%2Fv2%2Fmedia&parent=465"}],"wp:term":[{"taxonomy":"category","embeddable":true,"href":"https:\/\/www.kathrinbertschy.ch\/index.php?rest_route=%2Fwp%2Fv2%2Fcategories&post=465"},{"taxonomy":"post_tag","embeddable":true,"href":"https:\/\/www.kathrinbertschy.ch\/index.php?rest_route=%2Fwp%2Fv2%2Ftags&post=465"}],"curies":[{"name":"wp","href":"https:\/\/api.w.org\/{rel}","templated":true}]}}